{"id":6772,"date":"2025-09-26T15:41:05","date_gmt":"2025-09-26T13:41:05","guid":{"rendered":"https:\/\/innova.campogalego.gal\/?p=6772"},"modified":"2025-09-26T15:41:05","modified_gmt":"2025-09-26T13:41:05","slug":"firepoctep-reune-a-expertos-en-santiago-para-debatir-soluciones-contra-los-incendios-forestales","status":"publish","type":"post","link":"https:\/\/innova.campogalego.gal\/es\/forestal-es\/firepoctep-reune-a-expertos-en-santiago-para-debatir-soluciones-contra-los-incendios-forestales.html","title":{"rendered":"FIREPOCTEP+ re\u00fane a expertos en Santiago para debatir soluciones contra los incendios forestales"},"content":{"rendered":"<div id=\"attachment_980\" style=\"width: 1210px\" class=\"wp-caption aligncenter\"><img aria-describedby=\"caption-attachment-980\" decoding=\"async\" loading=\"lazy\" class=\"size-full wp-image-980 lazyload\" src=\"data:image\/gif;base64,R0lGODlhAQABAAAAACH5BAEKAAEALAAAAAABAAEAAAICTAEAOw==\" alt=\"\" width=\"1200\" height=\"800\" sizes=\"(max-width:767px) 480px, (max-width:1200px) 100vw, 1200px\" data-src=\"https:\/\/innova.campogalego.gal\/wp-content\/uploads\/2023\/10\/incendiosalvite-2023-10-09.jpg\" data-srcset=\"https:\/\/innova.campogalego.gal\/wp-content\/uploads\/2023\/10\/incendiosalvite-2023-10-09.jpg 1200w, https:\/\/innova.campogalego.gal\/wp-content\/uploads\/2023\/10\/incendiosalvite-2023-10-09-300x200.jpg 300w, https:\/\/innova.campogalego.gal\/wp-content\/uploads\/2023\/10\/incendiosalvite-2023-10-09-1024x683.jpg 1024w\"><p id=\"caption-attachment-980\" class=\"wp-caption-text\">Imagen de archivo.<\/p><\/div>\n<p>Santiago de Compostela acoge el pr\u00f3ximo 23 de septiembre la jornada \u201cInnovar para proteger: conocimiento, territorio y empresa\u201d, organizada por el proyecto estrat\u00e9gico FIREPOCTEP+. La cita tendr\u00e1 lugar en el Auditorio FEUGA y se enmarca en el <a href=\"https:\/\/interreg.eu\/interreg-cooperation-day-2025\/\" target=\"_blank\" rel=\"noopener\">D\u00eda de la Cooperaci\u00f3n Interreg 2025<\/a>.<\/p>\n<p>FIREPOCTEP+ est\u00e1 cofinanciado por la Uni\u00f3n Europea a trav\u00e9s del Programa Interreg VI-A Espa\u00f1a\u2013Portugal (POCTEP) 2021-2027. Su objetivo es dar respuesta al desaf\u00edo de los incendios forestales, que en la \u00faltima campa\u00f1a arrasaron m\u00e1s de 390.000 hect\u00e1reas en Espa\u00f1a y 260.000 en Portugal. La magnitud de este problema refleja la urgencia de impulsar soluciones conjuntas basadas en innovaci\u00f3n, ciencia y gesti\u00f3n del territorio.<\/p>\n<p>El evento reunir\u00e1 a representantes institucionales, expertos, empresas, centros de investigaci\u00f3n y sociedad civil. Todos ellos debatir\u00e1n c\u00f3mo la cooperaci\u00f3n transfronteriza y la innovaci\u00f3n pueden transformar la gesti\u00f3n del territorio frente al cambio clim\u00e1tico y el riesgo de incendios.<\/p>\n<p>&nbsp;<\/p>\n<p><strong>Apertura institucional<\/strong><\/p>\n<p>La inauguraci\u00f3n contar\u00e1 con la participaci\u00f3n de Delia Bonsignore, responsable del programa Interreg en la DG REGIO de la Comisi\u00f3n Europea; Isabel Gon\u00e7alves, responsable del programa Interreg POCTEP en la Ag\u00eancia para o Desenvolvimento e Coes\u00e3o de Portugal; representantes de la Direcci\u00f3n General de Fondos Europeos del Ministerio de Hacienda en Espa\u00f1a; y Juan Picos, coordinador del proyecto FIREPOCTEP+.<\/p>\n<p>&nbsp;<\/p>\n<p><strong>Programa de la jornada<\/strong><\/p>\n<p>La agenda de la jornada se estructura en torno a sesiones de debate, espacios de networking y actividades en terreno. Las personas interesadas podr\u00e1n apuntarse en<a href=\"https:\/\/forms.office.com\/pages\/responsepage.aspx?id=4gx-Ad_6PUezkXmwKcMA_bC5veX56fhNkI9j4C3WVMNUNDY3TjlGVFQ5RVNSSVBUR0dQUTdCMVRJQS4u&amp;route=shorturl\" target=\"_blank\" rel=\"noopener\"> el siguiente enlace<\/a>.<\/p>\n<ul>\n<li><strong>9:30-10:00<\/strong> \u2013 Acreditaci\u00f3n y bienvenida.<\/li>\n<li><strong>10:00-10:30<\/strong> \u2013 Apertura institucional con la participaci\u00f3n de representantes europeos, nacionales y del propio proyecto.<\/li>\n<li><strong>10:30-11:00<\/strong> \u2013 Mesa 1: Paisaje y prevenci\u00f3n desde lo local. Se abordar\u00e1n buenas pr\u00e1cticas en gesti\u00f3n del territorio, cooperaci\u00f3n y herramientas de la Agenda Forestal Europea 2030, con la intervenci\u00f3n de expertos de la Xunta de Galicia, la Universidad de Vigo y el ICNF de Portugal.<\/li>\n<li><strong>11:00-11:30<\/strong> \u2013 Mesa 2: De la investigaci\u00f3n a la empresa: innovaci\u00f3n contra incendios. Se presentar\u00e1n casos de transferencia tecnol\u00f3gica y experiencias de spin-offs y empresas, con representantes de EnergyLab, 3edata, AMETLAM y el Cl\u00faster Biomasa de Galicia.<\/li>\n<li><strong>11:30-12:20<\/strong> \u2013 Pausa caf\u00e9 y apertura de la feria de innovaci\u00f3n, con stands y startups.<\/li>\n<li><strong>12:20-12:50<\/strong> \u2013 Mesa 3: \u00bfD\u00f3nde est\u00e1 la financiaci\u00f3n? Fondos, ayudas y f\u00f3rmulas mixtas. Participar\u00e1n expertos en financiaci\u00f3n europea, moderados por la Fundaci\u00f3n Finnova.<\/li>\n<li><strong>12:50-14:30<\/strong> \u2013 Feria activa con soluciones tecnol\u00f3gicas y espacio de networking.<\/li>\n<li><strong>14:30-15:30<\/strong> \u2013 Salida de campo al Monte Pedroso, organizada por la Universidad de Vigo.<\/li>\n<li><strong>16:00-17:00<\/strong> \u2013 Reuni\u00f3n interna del consorcio FIREPOCTEP+.<\/li>\n<\/ul>\n<p>&nbsp;<\/p>\n<p><strong>Un espacio para la cooperaci\u00f3n<\/strong><\/p>\n<p>Adem\u00e1s de las mesas de debate, la jornada incluye una feria de innovaci\u00f3n y stands de startups, adem\u00e1s de un espacio de networking para favorecer el intercambio de experiencias y colaboraciones.<\/p>\n<p>La salida de campo al Monte Pedroso permitir\u00e1 analizar de forma pr\u00e1ctica estrategias de prevenci\u00f3n y gesti\u00f3n del territorio. Por su parte, la reuni\u00f3n interna del consorcio servir\u00e1 como preparaci\u00f3n para el pr\u00f3ximo Comit\u00e9 de Direcci\u00f3n y las reuniones t\u00e9cnicas que se celebrar\u00e1n en C\u00f3rdoba a finales de octubre de 2025.<\/p>\n<p>&nbsp;<\/p>\n<p><strong>Un proyecto estrat\u00e9gico<\/strong><\/p>\n<p>FIREPOCTEP+ ha sido designado proyecto estrat\u00e9gico por el Comit\u00e9 de Seguimiento del programa Interreg. Su labor en la identificaci\u00f3n de Zonas Estrat\u00e9gicas de Gesti\u00f3n (ZEG) resulta clave para comprender el comportamiento de los grandes incendios.<br \/>\nEl lema del proyecto, \u201cSembrar inteligencia preventiva\u201d, resume su compromiso con la prevenci\u00f3n, la sostenibilidad y la revitalizaci\u00f3n de las \u00e1reas rurales afectadas.<\/p>\n","protected":false},"excerpt":{"rendered":"<p>Santiago de Compostela acoge el pr\u00f3ximo 23 de septiembre la jornada \u201cInnovar para proteger: conocimiento, territorio y empresa\u201d, organizada por el proyecto estrat\u00e9gico FIREPOCTEP+. La cita<span class=\"excerpt-hellip\"> [\u2026]<\/span><\/p>\n","protected":false},"author":12,"featured_media":980,"comment_status":"open","ping_status":"open","sticky":false,"template":"","format":"standard","meta":{"footnotes":""},"categories":[88],"tags":[],"acf":[],"yoast_head":"<!-- This site is optimized with the Yoast SEO plugin v21.2 - https:\/\/yoast.com\/wordpress\/plugins\/seo\/ -->\n<title>FIREPOCTEP+ re\u00fane a expertos en Santiago para debatir soluciones contra los incendios forestales - Innova - Campo Galego<\/title>\n<meta name=\"robots\" content=\"index, follow, max-snippet:-1, max-image-preview:large, max-video-preview:-1\" \/>\n<link rel=\"canonical\" href=\"https:\/\/innova.campogalego.gal\/es\/forestal-es\/firepoctep-reune-a-expertos-en-santiago-para-debatir-soluciones-contra-los-incendios-forestales.html\" \/>\n<meta property=\"og:locale\" content=\"es_ES\" \/>\n<meta property=\"og:type\" content=\"article\" \/>\n<meta property=\"og:title\" content=\"FIREPOCTEP+ re\u00fane a expertos en Santiago para debatir soluciones contra los incendios forestales - Innova - Campo Galego\" \/>\n<meta property=\"og:description\" content=\"Santiago de Compostela acoge el pr\u00f3ximo 23 de septiembre la jornada \u201cInnovar para proteger: conocimiento, territorio y empresa\u201d, organizada por el proyecto estrat\u00e9gico FIREPOCTEP+. La cita [\u2026]\" \/>\n<meta property=\"og:url\" content=\"https:\/\/innova.campogalego.gal\/es\/forestal-es\/firepoctep-reune-a-expertos-en-santiago-para-debatir-soluciones-contra-los-incendios-forestales.html\" \/>\n<meta property=\"og:site_name\" content=\"Innova - Campo Galego\" \/>\n<meta property=\"article:published_time\" content=\"2025-09-26T13:41:05+00:00\" \/>\n<meta property=\"og:image\" content=\"https:\/\/innova.campogalego.gal\/wp-content\/uploads\/2023\/10\/incendiosalvite-2023-10-09.jpg\" \/>\n\t<meta property=\"og:image:width\" content=\"1200\" \/>\n\t<meta property=\"og:image:height\" content=\"800\" \/>\n\t<meta property=\"og:image:type\" content=\"image\/jpeg\" \/>\n<meta name=\"author\" content=\"Ines Abelenda\" \/>\n<meta name=\"twitter:card\" content=\"summary_large_image\" \/>\n<meta name=\"twitter:label1\" content=\"Escrito por\" \/>\n\t<meta name=\"twitter:data1\" content=\"Ines Abelenda\" \/>\n\t<meta name=\"twitter:label2\" content=\"Tiempo de lectura\" \/>\n\t<meta name=\"twitter:data2\" content=\"4 minutos\" \/>\n<script type=\"application\/ld+json\" class=\"yoast-schema-graph\">{\"@context\":\"https:\/\/schema.org\",\"@graph\":[{\"@type\":\"WebPage\",\"@id\":\"https:\/\/innova.campogalego.gal\/es\/forestal-es\/firepoctep-reune-a-expertos-en-santiago-para-debatir-soluciones-contra-los-incendios-forestales.html\",\"url\":\"https:\/\/innova.campogalego.gal\/es\/forestal-es\/firepoctep-reune-a-expertos-en-santiago-para-debatir-soluciones-contra-los-incendios-forestales.html\",\"name\":\"FIREPOCTEP+ re\u00fane a expertos en Santiago para debatir soluciones contra los incendios forestales - Innova - Campo Galego\",\"isPartOf\":{\"@id\":\"https:\/\/innova.campogalego.gal\/es#website\"},\"datePublished\":\"2025-09-26T13:41:05+00:00\",\"dateModified\":\"2025-09-26T13:41:05+00:00\",\"author\":{\"@id\":\"https:\/\/innova.campogalego.gal\/es#\/schema\/person\/6e4b7d6d686e401bec27d34264139b0e\"},\"breadcrumb\":{\"@id\":\"https:\/\/innova.campogalego.gal\/es\/forestal-es\/firepoctep-reune-a-expertos-en-santiago-para-debatir-soluciones-contra-los-incendios-forestales.html#breadcrumb\"},\"inLanguage\":\"es\",\"potentialAction\":[{\"@type\":\"ReadAction\",\"target\":[\"https:\/\/innova.campogalego.gal\/es\/forestal-es\/firepoctep-reune-a-expertos-en-santiago-para-debatir-soluciones-contra-los-incendios-forestales.html\"]}]},{\"@type\":\"BreadcrumbList\",\"@id\":\"https:\/\/innova.campogalego.gal\/es\/forestal-es\/firepoctep-reune-a-expertos-en-santiago-para-debatir-soluciones-contra-los-incendios-forestales.html#breadcrumb\",\"itemListElement\":[{\"@type\":\"ListItem\",\"position\":1,\"name\":\"Portada\",\"item\":\"https:\/\/innova.campogalego.gal\/es\"},{\"@type\":\"ListItem\",\"position\":2,\"name\":\"FIREPOCTEP+ re\u00fane a expertos en Santiago para debatir soluciones contra los incendios forestales\"}]},{\"@type\":\"WebSite\",\"@id\":\"https:\/\/innova.campogalego.gal\/es#website\",\"url\":\"https:\/\/innova.campogalego.gal\/es\",\"name\":\"Innova - Campo Galego\",\"description\":\"\",\"potentialAction\":[{\"@type\":\"SearchAction\",\"target\":{\"@type\":\"EntryPoint\",\"urlTemplate\":\"https:\/\/innova.campogalego.gal\/es?s={search_term_string}\"},\"query-input\":\"required name=search_term_string\"}],\"inLanguage\":\"es\"},{\"@type\":\"Person\",\"@id\":\"https:\/\/innova.campogalego.gal\/es#\/schema\/person\/6e4b7d6d686e401bec27d34264139b0e\",\"name\":\"Ines Abelenda\",\"image\":{\"@type\":\"ImageObject\",\"inLanguage\":\"es\",\"@id\":\"https:\/\/innova.campogalego.gal\/es#\/schema\/person\/image\/\",\"url\":\"https:\/\/secure.gravatar.com\/avatar\/437a17220ee2261420e7298355a194eb?s=96&d=mm&r=g\",\"contentUrl\":\"https:\/\/secure.gravatar.com\/avatar\/437a17220ee2261420e7298355a194eb?s=96&d=mm&r=g\",\"caption\":\"Ines Abelenda\"},\"url\":\"https:\/\/innova.campogalego.gal\/es\/author\/ines\"}]}<\/script>\n<!-- \/ Yoast SEO plugin. -->","yoast_head_json":{"title":"FIREPOCTEP+ re\u00fane a expertos en Santiago para debatir soluciones contra los incendios forestales - Innova - Campo Galego","robots":{"index":"index","follow":"follow","max-snippet":"max-snippet:-1","max-image-preview":"max-image-preview:large","max-video-preview":"max-video-preview:-1"},"canonical":"https:\/\/innova.campogalego.gal\/es\/forestal-es\/firepoctep-reune-a-expertos-en-santiago-para-debatir-soluciones-contra-los-incendios-forestales.html","og_locale":"es_ES","og_type":"article","og_title":"FIREPOCTEP+ re\u00fane a expertos en Santiago para debatir soluciones contra los incendios forestales - Innova - Campo Galego","og_description":"Santiago de Compostela acoge el pr\u00f3ximo 23 de septiembre la jornada \u201cInnovar para proteger: conocimiento, territorio y empresa\u201d, organizada por el proyecto estrat\u00e9gico FIREPOCTEP+. La cita [\u2026]","og_url":"https:\/\/innova.campogalego.gal\/es\/forestal-es\/firepoctep-reune-a-expertos-en-santiago-para-debatir-soluciones-contra-los-incendios-forestales.html","og_site_name":"Innova - Campo Galego","article_published_time":"2025-09-26T13:41:05+00:00","og_image":[{"width":1200,"height":800,"url":"https:\/\/innova.campogalego.gal\/wp-content\/uploads\/2023\/10\/incendiosalvite-2023-10-09.jpg","type":"image\/jpeg"}],"author":"Ines Abelenda","twitter_card":"summary_large_image","twitter_misc":{"Escrito por":"Ines Abelenda","Tiempo de lectura":"4 minutos"},"schema":{"@context":"https:\/\/schema.org","@graph":[{"@type":"WebPage","@id":"https:\/\/innova.campogalego.gal\/es\/forestal-es\/firepoctep-reune-a-expertos-en-santiago-para-debatir-soluciones-contra-los-incendios-forestales.html","url":"https:\/\/innova.campogalego.gal\/es\/forestal-es\/firepoctep-reune-a-expertos-en-santiago-para-debatir-soluciones-contra-los-incendios-forestales.html","name":"FIREPOCTEP+ re\u00fane a expertos en Santiago para debatir soluciones contra los incendios forestales - Innova - Campo Galego","isPartOf":{"@id":"https:\/\/innova.campogalego.gal\/es#website"},"datePublished":"2025-09-26T13:41:05+00:00","dateModified":"2025-09-26T13:41:05+00:00","author":{"@id":"https:\/\/innova.campogalego.gal\/es#\/schema\/person\/6e4b7d6d686e401bec27d34264139b0e"},"breadcrumb":{"@id":"https:\/\/innova.campogalego.gal\/es\/forestal-es\/firepoctep-reune-a-expertos-en-santiago-para-debatir-soluciones-contra-los-incendios-forestales.html#breadcrumb"},"inLanguage":"es","potentialAction":[{"@type":"ReadAction","target":["https:\/\/innova.campogalego.gal\/es\/forestal-es\/firepoctep-reune-a-expertos-en-santiago-para-debatir-soluciones-contra-los-incendios-forestales.html"]}]},{"@type":"BreadcrumbList","@id":"https:\/\/innova.campogalego.gal\/es\/forestal-es\/firepoctep-reune-a-expertos-en-santiago-para-debatir-soluciones-contra-los-incendios-forestales.html#breadcrumb","itemListElement":[{"@type":"ListItem","position":1,"name":"Portada","item":"https:\/\/innova.campogalego.gal\/es"},{"@type":"ListItem","position":2,"name":"FIREPOCTEP+ re\u00fane a expertos en Santiago para debatir soluciones contra los incendios forestales"}]},{"@type":"WebSite","@id":"https:\/\/innova.campogalego.gal\/es#website","url":"https:\/\/innova.campogalego.gal\/es","name":"Innova - Campo Galego","description":"","potentialAction":[{"@type":"SearchAction","target":{"@type":"EntryPoint","urlTemplate":"https:\/\/innova.campogalego.gal\/es?s={search_term_string}"},"query-input":"required name=search_term_string"}],"inLanguage":"es"},{"@type":"Person","@id":"https:\/\/innova.campogalego.gal\/es#\/schema\/person\/6e4b7d6d686e401bec27d34264139b0e","name":"Ines Abelenda","image":{"@type":"ImageObject","inLanguage":"es","@id":"https:\/\/innova.campogalego.gal\/es#\/schema\/person\/image\/","url":"https:\/\/secure.gravatar.com\/avatar\/437a17220ee2261420e7298355a194eb?s=96&d=mm&r=g","contentUrl":"https:\/\/secure.gravatar.com\/avatar\/437a17220ee2261420e7298355a194eb?s=96&d=mm&r=g","caption":"Ines Abelenda"},"url":"https:\/\/innova.campogalego.gal\/es\/author\/ines"}]}},"_links":{"self":[{"href":"https:\/\/innova.campogalego.gal\/es\/wp-json\/wp\/v2\/posts\/6772"}],"collection":[{"href":"https:\/\/innova.campogalego.gal\/es\/wp-json\/wp\/v2\/posts"}],"about":[{"href":"https:\/\/innova.campogalego.gal\/es\/wp-json\/wp\/v2\/types\/post"}],"author":[{"embeddable":true,"href":"https:\/\/innova.campogalego.gal\/es\/wp-json\/wp\/v2\/users\/12"}],"replies":[{"embeddable":true,"href":"https:\/\/innova.campogalego.gal\/es\/wp-json\/wp\/v2\/comments?post=6772"}],"version-history":[{"count":2,"href":"https:\/\/innova.campogalego.gal\/es\/wp-json\/wp\/v2\/posts\/6772\/revisions"}],"predecessor-version":[{"id":6774,"href":"https:\/\/innova.campogalego.gal\/es\/wp-json\/wp\/v2\/posts\/6772\/revisions\/6774"}],"wp:featuredmedia":[{"embeddable":true,"href":"https:\/\/innova.campogalego.gal\/es\/wp-json\/wp\/v2\/media\/980"}],"wp:attachment":[{"href":"https:\/\/innova.campogalego.gal\/es\/wp-json\/wp\/v2\/media?parent=6772"}],"wp:term":[{"taxonomy":"category","embeddable":true,"href":"https:\/\/innova.campogalego.gal\/es\/wp-json\/wp\/v2\/categories?post=6772"},{"taxonomy":"post_tag","embeddable":true,"href":"https:\/\/innova.campogalego.gal\/es\/wp-json\/wp\/v2\/tags?post=6772"}],"curies":[{"name":"wp","href":"https:\/\/api.w.org\/{rel}","templated":true}]}}