{"id":6870,"date":"2025-10-06T12:03:00","date_gmt":"2025-10-06T10:03:00","guid":{"rendered":"https:\/\/innova.campogalego.gal\/?p=6870"},"modified":"2025-10-06T12:03:00","modified_gmt":"2025-10-06T10:03:00","slug":"mas-de-350-agricultores-se-dieron-cita-en-la-ultima-jornada-de-campo-en-valladolid","status":"publish","type":"post","link":"https:\/\/innova.campogalego.gal\/es\/agricultura-es\/mas-de-350-agricultores-se-dieron-cita-en-la-ultima-jornada-de-campo-en-valladolid.html","title":{"rendered":"M\u00e1s de 350 agricultores se dieron cita en la \u00faltima Jornada de Campo en Valladolid"},"content":{"rendered":"<p><img decoding=\"async\" loading=\"lazy\" src=\"data:image\/gif;base64,R0lGODlhAQABAAAAACH5BAEKAAEALAAAAAABAAEAAAICTAEAOw==\" alt=\"\" width=\"1200\" height=\"800\" class=\"aligncenter size-full wp-image-6867 lazyload\" sizes=\"(max-width:767px) 480px, (max-width:1200px) 100vw, 1200px\" data-src=\"https:\/\/innova.campogalego.gal\/wp-content\/uploads\/2025\/10\/jornada-convenio-asociacion-valladolid.jpeg\" data-srcset=\"https:\/\/innova.campogalego.gal\/wp-content\/uploads\/2025\/10\/jornada-convenio-asociacion-valladolid.jpeg 1200w, https:\/\/innova.campogalego.gal\/wp-content\/uploads\/2025\/10\/jornada-convenio-asociacion-valladolid-300x200.jpeg 300w, https:\/\/innova.campogalego.gal\/wp-content\/uploads\/2025\/10\/jornada-convenio-asociacion-valladolid-1024x683.jpeg 1024w\"><\/p>\n<p>Valladolid fue el epicentro de la \u00faltima Jornada de Campo organizada dentro del Convenio firmado entre el Ministerio de Agricultura (MAPA) y la Asociaci\u00f3n Espa\u00f1ola de Agricultura de Conservaci\u00f3n Suelos Vivos (AEACSV), bajo el t\u00edtulo \u201cLa Agricultura de Conservaci\u00f3n en la nueva PAC: una gran oportunidad para los agricultores y el medioambiente\u201d. <\/p>\n<p>Tanto desde el Ministerio como desde la AEACSV, se aprovech\u00f3 el evento para hacer balance de este Convenio, que \u201cha sido enormemente positivo y \u00fatil\u201d, no solo por la cantidad de agricultores que han participado en las acciones desarrolladas en estos a\u00f1os (2023-2025), sino por su incidencia clara en el aumento de los agricultores que se han acogido a los ecorreg\u00edmenes de la PAC, tanto de siembra directa, como de cubiertas vegetales.<\/p>\n<p>Cerca de 350 t\u00e9cnicos y agricultores se acercaron a la finca Soteso, en la localidad vallisoletana de Barruelo del Valle, en Valladolid, y pudieron comprobar el caso de \u00e9xito de esta explotaci\u00f3n gestionada en siembra directa desde hace 15 a\u00f1os por los hermanos Garc\u00eda Duque. Esta finca cuenta con una superficie de m\u00e1s de 7 hect\u00e1reas que realiza una rotaci\u00f3n t\u00edpica de los secanos vallisoletanos: Oleaginosa (colza\/girasol), leguminosa (lenteja) y cereal (trigo blando). <\/p>\n<p>Durante el evento se habl\u00f3 de \u201cDigitalizaci\u00f3n y manejo de insumos en siembra directa: estrategias para optimizar la dosificaci\u00f3n de productos agr\u00edcolas\u201d, por parte del agricultor Eusebio Miguel Antol\u00edn. Tambi\u00e9n del manejo del girasol en siembra directa, abordando los desaf\u00edos t\u00e9cnicos y soluciones agron\u00f3micas de la mano del agricultor Cesar Garc\u00eda de Lucas. Se pudo ver la experiencia de los responsables de la Finca Soteso y la empresa Syngenta present\u00f3 sus soluciones para favorecer el desarrollo de la siembra directa.<\/p>\n<p><img decoding=\"async\" loading=\"lazy\" src=\"data:image\/gif;base64,R0lGODlhAQABAAAAACH5BAEKAAEALAAAAAABAAEAAAICTAEAOw==\" alt=\"\" width=\"1200\" height=\"800\" class=\"aligncenter size-full wp-image-6865 lazyload\" sizes=\"(max-width:767px) 480px, (max-width:1200px) 100vw, 1200px\" data-src=\"https:\/\/innova.campogalego.gal\/wp-content\/uploads\/2025\/10\/convenio-asociacion-valladolid.jpeg\" data-srcset=\"https:\/\/innova.campogalego.gal\/wp-content\/uploads\/2025\/10\/convenio-asociacion-valladolid.jpeg 1200w, https:\/\/innova.campogalego.gal\/wp-content\/uploads\/2025\/10\/convenio-asociacion-valladolid-300x200.jpeg 300w, https:\/\/innova.campogalego.gal\/wp-content\/uploads\/2025\/10\/convenio-asociacion-valladolid-1024x683.jpeg 1024w\"><\/p>\n<p>La jornada finaliz\u00f3 con una demostraci\u00f3n din\u00e1mica de diversas sembradoras y equipos presentados por las empresas patrocinadoras y tambi\u00e9n se dio a conocer un prototipo de barra para tratamientos fitosanitarios que incorpora sensores que detectan las malas hierbas por la actividad de la fotos\u00edntesis y aplican el producto solo a esa mala hierba. <\/p>\n<p><strong>Valoraci\u00f3n del convenio<\/strong><\/p>\n<p>\u201cSe ha cumplido el objetivo formativo, ya que 2.500 agricultores profesionales y t\u00e9cnicos han participado presencialmente en las diferentes actividades organizadas dentro del Convenio\u201d, ha destacado el presidente de la AEACSV, Jes\u00fas Gil Ribes.<\/p>\n<blockquote><p>Desde el Ministerio se apuesta por renovar este Convenio Formativo que cubra el periodo hasta 2027<\/p><\/blockquote>\n<p>Por parte del Ministerio, Joaqu\u00edn Rodr\u00edguez Chaparro, vocal asesor en Planificaci\u00f3n de Pol\u00edticas Agrarias del MAPA, mostr\u00f3 su satisfacci\u00f3n por el desarrollo del convenio, que ha demostrado que a trav\u00e9s de este tipo de acciones se puede llegar de forma directa a los agricultores y t\u00e9cnicos y se pueda aumentar de forma real la acogida del uso de los ecorreg\u00edmenes de la PAC y los beneficios que ofrecen estas t\u00e9cnicas conservacionistas.<br \/>\nRenovaci\u00f3n<\/p>\n<p>Desde el Ministerio se apuesta por renovar este Convenio Formativo que cubra el periodo hasta 2027 y, si es posible, continuar m\u00e1s all\u00e1 para poder acompa\u00f1ar a los agricultores en la aplicaci\u00f3n de t\u00e9cnicas de siembra directa y cubiertas vegetales. Como asegur\u00f3 Joaqu\u00edn Rodr\u00edguez: \u201cLas pol\u00edticas de la Uni\u00f3n Europea est\u00e1n claramente por la captura de carbono, la adaptaci\u00f3n al cambio clim\u00e1tico, la mejora de la materia org\u00e1nica y de la salud del suelo, etc., y todo esto junto es, en esencia, lo que define a la Agricultura de Conservaci\u00f3n\u201d.<\/p>\n","protected":false},"excerpt":{"rendered":"<p>Valladolid fue el epicentro de la \u00faltima Jornada de Campo organizada dentro del Convenio firmado entre el Ministerio de Agricultura (MAPA) y la Asociaci\u00f3n Espa\u00f1ola de<span class=\"excerpt-hellip\"> [\u2026]<\/span><\/p>\n","protected":false},"author":15,"featured_media":6867,"comment_status":"open","ping_status":"open","sticky":false,"template":"","format":"standard","meta":{"footnotes":""},"categories":[86],"tags":[],"acf":[],"yoast_head":"<!-- This site is optimized with the Yoast SEO plugin v21.2 - https:\/\/yoast.com\/wordpress\/plugins\/seo\/ -->\n<title>M\u00e1s de 350 agricultores se dieron cita en la \u00faltima Jornada de Campo en Valladolid - Innova - Campo Galego<\/title>\n<meta name=\"robots\" content=\"index, follow, max-snippet:-1, max-image-preview:large, max-video-preview:-1\" \/>\n<link rel=\"canonical\" href=\"https:\/\/innova.campogalego.gal\/es\/agricultura-es\/mas-de-350-agricultores-se-dieron-cita-en-la-ultima-jornada-de-campo-en-valladolid.html\" \/>\n<meta property=\"og:locale\" content=\"es_ES\" \/>\n<meta property=\"og:type\" content=\"article\" \/>\n<meta property=\"og:title\" content=\"M\u00e1s de 350 agricultores se dieron cita en la \u00faltima Jornada de Campo en Valladolid - Innova - Campo Galego\" \/>\n<meta property=\"og:description\" content=\"Valladolid fue el epicentro de la \u00faltima Jornada de Campo organizada dentro del Convenio firmado entre el Ministerio de Agricultura (MAPA) y la Asociaci\u00f3n Espa\u00f1ola de [\u2026]\" \/>\n<meta property=\"og:url\" content=\"https:\/\/innova.campogalego.gal\/es\/agricultura-es\/mas-de-350-agricultores-se-dieron-cita-en-la-ultima-jornada-de-campo-en-valladolid.html\" \/>\n<meta property=\"og:site_name\" content=\"Innova - Campo Galego\" \/>\n<meta property=\"article:published_time\" content=\"2025-10-06T10:03:00+00:00\" \/>\n<meta property=\"og:image\" content=\"https:\/\/innova.campogalego.gal\/wp-content\/uploads\/2025\/10\/jornada-convenio-asociacion-valladolid.jpeg\" \/>\n\t<meta property=\"og:image:width\" content=\"1200\" \/>\n\t<meta property=\"og:image:height\" content=\"800\" \/>\n\t<meta property=\"og:image:type\" content=\"image\/jpeg\" \/>\n<meta name=\"author\" content=\"Noelia25\" \/>\n<meta name=\"twitter:card\" content=\"summary_large_image\" \/>\n<meta name=\"twitter:label1\" content=\"Escrito por\" \/>\n\t<meta name=\"twitter:data1\" content=\"Noelia25\" \/>\n\t<meta name=\"twitter:label2\" content=\"Tiempo de lectura\" \/>\n\t<meta name=\"twitter:data2\" content=\"4 minutos\" \/>\n<script type=\"application\/ld+json\" class=\"yoast-schema-graph\">{\"@context\":\"https:\/\/schema.org\",\"@graph\":[{\"@type\":\"WebPage\",\"@id\":\"https:\/\/innova.campogalego.gal\/es\/agricultura-es\/mas-de-350-agricultores-se-dieron-cita-en-la-ultima-jornada-de-campo-en-valladolid.html\",\"url\":\"https:\/\/innova.campogalego.gal\/es\/agricultura-es\/mas-de-350-agricultores-se-dieron-cita-en-la-ultima-jornada-de-campo-en-valladolid.html\",\"name\":\"M\u00e1s de 350 agricultores se dieron cita en la \u00faltima Jornada de Campo en Valladolid - Innova - Campo Galego\",\"isPartOf\":{\"@id\":\"https:\/\/innova.campogalego.gal\/es#website\"},\"datePublished\":\"2025-10-06T10:03:00+00:00\",\"dateModified\":\"2025-10-06T10:03:00+00:00\",\"author\":{\"@id\":\"https:\/\/innova.campogalego.gal\/es#\/schema\/person\/cd08a65989847188ebe204d4a9431641\"},\"breadcrumb\":{\"@id\":\"https:\/\/innova.campogalego.gal\/es\/agricultura-es\/mas-de-350-agricultores-se-dieron-cita-en-la-ultima-jornada-de-campo-en-valladolid.html#breadcrumb\"},\"inLanguage\":\"es\",\"potentialAction\":[{\"@type\":\"ReadAction\",\"target\":[\"https:\/\/innova.campogalego.gal\/es\/agricultura-es\/mas-de-350-agricultores-se-dieron-cita-en-la-ultima-jornada-de-campo-en-valladolid.html\"]}]},{\"@type\":\"BreadcrumbList\",\"@id\":\"https:\/\/innova.campogalego.gal\/es\/agricultura-es\/mas-de-350-agricultores-se-dieron-cita-en-la-ultima-jornada-de-campo-en-valladolid.html#breadcrumb\",\"itemListElement\":[{\"@type\":\"ListItem\",\"position\":1,\"name\":\"Portada\",\"item\":\"https:\/\/innova.campogalego.gal\/es\"},{\"@type\":\"ListItem\",\"position\":2,\"name\":\"M\u00e1s de 350 agricultores se dieron cita en la \u00faltima Jornada de Campo en Valladolid\"}]},{\"@type\":\"WebSite\",\"@id\":\"https:\/\/innova.campogalego.gal\/es#website\",\"url\":\"https:\/\/innova.campogalego.gal\/es\",\"name\":\"Innova - Campo Galego\",\"description\":\"\",\"potentialAction\":[{\"@type\":\"SearchAction\",\"target\":{\"@type\":\"EntryPoint\",\"urlTemplate\":\"https:\/\/innova.campogalego.gal\/es?s={search_term_string}\"},\"query-input\":\"required name=search_term_string\"}],\"inLanguage\":\"es\"},{\"@type\":\"Person\",\"@id\":\"https:\/\/innova.campogalego.gal\/es#\/schema\/person\/cd08a65989847188ebe204d4a9431641\",\"name\":\"Noelia25\",\"image\":{\"@type\":\"ImageObject\",\"inLanguage\":\"es\",\"@id\":\"https:\/\/innova.campogalego.gal\/es#\/schema\/person\/image\/\",\"url\":\"https:\/\/secure.gravatar.com\/avatar\/ee9b680586a9152b4bfe1a86eb3e2604?s=96&d=mm&r=g\",\"contentUrl\":\"https:\/\/secure.gravatar.com\/avatar\/ee9b680586a9152b4bfe1a86eb3e2604?s=96&d=mm&r=g\",\"caption\":\"Noelia25\"},\"url\":\"https:\/\/innova.campogalego.gal\/es\/author\/noelia25\"}]}<\/script>\n<!-- \/ Yoast SEO plugin. -->","yoast_head_json":{"title":"M\u00e1s de 350 agricultores se dieron cita en la \u00faltima Jornada de Campo en Valladolid - Innova - Campo Galego","robots":{"index":"index","follow":"follow","max-snippet":"max-snippet:-1","max-image-preview":"max-image-preview:large","max-video-preview":"max-video-preview:-1"},"canonical":"https:\/\/innova.campogalego.gal\/es\/agricultura-es\/mas-de-350-agricultores-se-dieron-cita-en-la-ultima-jornada-de-campo-en-valladolid.html","og_locale":"es_ES","og_type":"article","og_title":"M\u00e1s de 350 agricultores se dieron cita en la \u00faltima Jornada de Campo en Valladolid - Innova - Campo Galego","og_description":"Valladolid fue el epicentro de la \u00faltima Jornada de Campo organizada dentro del Convenio firmado entre el Ministerio de Agricultura (MAPA) y la Asociaci\u00f3n Espa\u00f1ola de [\u2026]","og_url":"https:\/\/innova.campogalego.gal\/es\/agricultura-es\/mas-de-350-agricultores-se-dieron-cita-en-la-ultima-jornada-de-campo-en-valladolid.html","og_site_name":"Innova - Campo Galego","article_published_time":"2025-10-06T10:03:00+00:00","og_image":[{"width":1200,"height":800,"url":"https:\/\/innova.campogalego.gal\/wp-content\/uploads\/2025\/10\/jornada-convenio-asociacion-valladolid.jpeg","type":"image\/jpeg"}],"author":"Noelia25","twitter_card":"summary_large_image","twitter_misc":{"Escrito por":"Noelia25","Tiempo de lectura":"4 minutos"},"schema":{"@context":"https:\/\/schema.org","@graph":[{"@type":"WebPage","@id":"https:\/\/innova.campogalego.gal\/es\/agricultura-es\/mas-de-350-agricultores-se-dieron-cita-en-la-ultima-jornada-de-campo-en-valladolid.html","url":"https:\/\/innova.campogalego.gal\/es\/agricultura-es\/mas-de-350-agricultores-se-dieron-cita-en-la-ultima-jornada-de-campo-en-valladolid.html","name":"M\u00e1s de 350 agricultores se dieron cita en la \u00faltima Jornada de Campo en Valladolid - Innova - Campo Galego","isPartOf":{"@id":"https:\/\/innova.campogalego.gal\/es#website"},"datePublished":"2025-10-06T10:03:00+00:00","dateModified":"2025-10-06T10:03:00+00:00","author":{"@id":"https:\/\/innova.campogalego.gal\/es#\/schema\/person\/cd08a65989847188ebe204d4a9431641"},"breadcrumb":{"@id":"https:\/\/innova.campogalego.gal\/es\/agricultura-es\/mas-de-350-agricultores-se-dieron-cita-en-la-ultima-jornada-de-campo-en-valladolid.html#breadcrumb"},"inLanguage":"es","potentialAction":[{"@type":"ReadAction","target":["https:\/\/innova.campogalego.gal\/es\/agricultura-es\/mas-de-350-agricultores-se-dieron-cita-en-la-ultima-jornada-de-campo-en-valladolid.html"]}]},{"@type":"BreadcrumbList","@id":"https:\/\/innova.campogalego.gal\/es\/agricultura-es\/mas-de-350-agricultores-se-dieron-cita-en-la-ultima-jornada-de-campo-en-valladolid.html#breadcrumb","itemListElement":[{"@type":"ListItem","position":1,"name":"Portada","item":"https:\/\/innova.campogalego.gal\/es"},{"@type":"ListItem","position":2,"name":"M\u00e1s de 350 agricultores se dieron cita en la \u00faltima Jornada de Campo en Valladolid"}]},{"@type":"WebSite","@id":"https:\/\/innova.campogalego.gal\/es#website","url":"https:\/\/innova.campogalego.gal\/es","name":"Innova - Campo Galego","description":"","potentialAction":[{"@type":"SearchAction","target":{"@type":"EntryPoint","urlTemplate":"https:\/\/innova.campogalego.gal\/es?s={search_term_string}"},"query-input":"required name=search_term_string"}],"inLanguage":"es"},{"@type":"Person","@id":"https:\/\/innova.campogalego.gal\/es#\/schema\/person\/cd08a65989847188ebe204d4a9431641","name":"Noelia25","image":{"@type":"ImageObject","inLanguage":"es","@id":"https:\/\/innova.campogalego.gal\/es#\/schema\/person\/image\/","url":"https:\/\/secure.gravatar.com\/avatar\/ee9b680586a9152b4bfe1a86eb3e2604?s=96&d=mm&r=g","contentUrl":"https:\/\/secure.gravatar.com\/avatar\/ee9b680586a9152b4bfe1a86eb3e2604?s=96&d=mm&r=g","caption":"Noelia25"},"url":"https:\/\/innova.campogalego.gal\/es\/author\/noelia25"}]}},"_links":{"self":[{"href":"https:\/\/innova.campogalego.gal\/es\/wp-json\/wp\/v2\/posts\/6870"}],"collection":[{"href":"https:\/\/innova.campogalego.gal\/es\/wp-json\/wp\/v2\/posts"}],"about":[{"href":"https:\/\/innova.campogalego.gal\/es\/wp-json\/wp\/v2\/types\/post"}],"author":[{"embeddable":true,"href":"https:\/\/innova.campogalego.gal\/es\/wp-json\/wp\/v2\/users\/15"}],"replies":[{"embeddable":true,"href":"https:\/\/innova.campogalego.gal\/es\/wp-json\/wp\/v2\/comments?post=6870"}],"version-history":[{"count":1,"href":"https:\/\/innova.campogalego.gal\/es\/wp-json\/wp\/v2\/posts\/6870\/revisions"}],"predecessor-version":[{"id":6871,"href":"https:\/\/innova.campogalego.gal\/es\/wp-json\/wp\/v2\/posts\/6870\/revisions\/6871"}],"wp:featuredmedia":[{"embeddable":true,"href":"https:\/\/innova.campogalego.gal\/es\/wp-json\/wp\/v2\/media\/6867"}],"wp:attachment":[{"href":"https:\/\/innova.campogalego.gal\/es\/wp-json\/wp\/v2\/media?parent=6870"}],"wp:term":[{"taxonomy":"category","embeddable":true,"href":"https:\/\/innova.campogalego.gal\/es\/wp-json\/wp\/v2\/categories?post=6870"},{"taxonomy":"post_tag","embeddable":true,"href":"https:\/\/innova.campogalego.gal\/es\/wp-json\/wp\/v2\/tags?post=6870"}],"curies":[{"name":"wp","href":"https:\/\/api.w.org\/{rel}","templated":true}]}}