{"id":6915,"date":"2025-10-18T08:47:55","date_gmt":"2025-10-18T06:47:55","guid":{"rendered":"https:\/\/innova.campogalego.gal\/?p=6915"},"modified":"2025-10-18T08:47:55","modified_gmt":"2025-10-18T06:47:55","slug":"proepla-impulsa-la-formacion-de-las-mujeres-rurales-en-el-marco-del-proyecto-cares","status":"publish","type":"post","link":"https:\/\/innova.campogalego.gal\/es\/campus-terra-es\/proepla-impulsa-la-formacion-de-las-mujeres-rurales-en-el-marco-del-proyecto-cares.html","title":{"rendered":"PROePLA impulsa la formaci\u00f3n de las mujeres rurales en el marco del proyecto CARES"},"content":{"rendered":"<p><img decoding=\"async\" loading=\"lazy\" class=\"aligncenter size-full wp-image-3261 lazyload\" src=\"data:image\/gif;base64,R0lGODlhAQABAAAAACH5BAEKAAEALAAAAAABAAEAAAICTAEAOw==\" alt=\"\" width=\"1200\" height=\"800\" sizes=\"(max-width:767px) 480px, (max-width:1200px) 100vw, 1200px\" data-src=\"https:\/\/innova.campogalego.gal\/wp-content\/uploads\/2024\/02\/proxecto-Cares-USC.jpg\" data-srcset=\"https:\/\/innova.campogalego.gal\/wp-content\/uploads\/2024\/02\/proxecto-Cares-USC.jpg 1200w, https:\/\/innova.campogalego.gal\/wp-content\/uploads\/2024\/02\/proxecto-Cares-USC-300x200.jpg 300w, https:\/\/innova.campogalego.gal\/wp-content\/uploads\/2024\/02\/proxecto-Cares-USC-1024x683.jpg 1024w\">El proyecto CARES, en el que participa el grupo de investigaci\u00f3n Proyectos y Planificaci\u00f3n (PROePLA) de la USC en la Escuela Polit\u00e9cnica Superior de Ingenier\u00eda del Campus de Lugo, conmemora la semana en la que se enmarca el D\u00eda Internacional de las Mujeres Rurales que tiene lugar cada 15 de octubre, destacando su papel en la gesti\u00f3n forestal y en la dinamizaci\u00f3n del medio rural a trav\u00e9s de la formaci\u00f3n, el empleo y el emprendimiento en el sector primario. Durante este oto\u00f1o, CARES puso en marcha cinco formaciones espec\u00edficas para mujeres en distintas comunidades del noroeste peninsular \u2014tres de ellas ya realizadas en Asturias y Castilla y Le\u00f3n, y dos m\u00e1s previstas en Galicia\u2014, centradas en el aprovechamiento y la transformaci\u00f3n de la resina y la casta\u00f1a como recursos forestales no madereros con alto potencial de empleo y sostenibilidad.<\/p>\n<p>Estas formaciones, gratuitas y de car\u00e1cter pr\u00e1ctico, permitieron a las participantes adquirir competencias t\u00e9cnicas tanto en la extracci\u00f3n de la resina como en su transformaci\u00f3n para cosm\u00e9tica natural, adem\u00e1s de suministrar conocimientos sobre seguridad laboral, comercializaci\u00f3n y emprendimiento. Las actuaciones son posibles a trav\u00e9s de la financiaci\u00f3n con la que cuenta este proyecto, a trav\u00e9s de la Fundaci\u00f3n Biodiversidad del Ministerio para la Transici\u00f3n Ecol\u00f3gica y el Reto Demogr\u00e1fico (MITECO) en el marco del Plan de Recuperaci\u00f3n, Transformaci\u00f3n y Resiliencia (PRTR), financiado por la Uni\u00f3n Europea \u2013 NextGenerationEU. A trav\u00e9s de la formaci\u00f3n, CARES busca generar nuevas oportunidades laborales para mujeres en el medio rural y demostrar que la gesti\u00f3n forestal puede ser tambi\u00e9n una v\u00eda de emprendimiento y desarrollo personal. As\u00ed, la actividad \u2018Formaci\u00f3n pr\u00e1ctica para mujeres en extracci\u00f3n y uso de resina de pino\u2019 tendr\u00e1 lugar en Baro\u00f1a, A Coru\u00f1a, los d\u00edas 6 y 7 de noviembre, de 15.00 a 19.00 horas; y en Guitiriz, Lugo, los d\u00edas 21 y 22 del mismo mes, en horario de 10.00 a 14.00 horas.<\/p>\n<p>Sobre el porqu\u00e9 de estas actividades formativas y del peso que este proyecto quiere darle al necesario rol de la mujer en el rural, se destaca que \u201cdesde CARES se impulsa la participaci\u00f3n e inclusi\u00f3n de la mujer en la gesti\u00f3n forestal mediante la formaci\u00f3n, realizando tres formaciones espec\u00edficas para mujeres en Asturias y Castilla y Le\u00f3n y con dos m\u00e1s a la vista en Galicia\u201d, pero tambi\u00e9n se subraya que el desarrollo del propio proyecto genera empleo femenino. \u201cEstamos generando puestos de trabajo directos en el proyecto mediante la contrataci\u00f3n de mujeres para la ejecuci\u00f3n de trabajos de extracci\u00f3n de resina y casta\u00f1icultura, evidenciando nuestra apuesta por esta inclusi\u00f3n, y tambi\u00e9n como manera de visibilizar y crear referencias en estas actividades t\u00edpicamente masculinizadas del sector forestal\u201d, explican desde lo equipo investigador. \u201cLos resultados de rendimientos y tiempos de aprendizaje evidencian la perfecta pertinencia de estos empleos para las mujeres del medio rural, y adem\u00e1s est\u00e1n permitiendo introducir nuevas miradas y aportaciones a las mejoras en las t\u00e9cnicas m\u00e1s innovadoras\u201d, concluyen.<\/p>\n<p>Estas actividades se enmarcan en un <a href=\"https:\/\/caresgestionforestal.com\/formacion\/\" target=\"_blank\" rel=\"noopener\"><strong>programa m\u00e1s amplio<\/strong><\/a> de m\u00e1s de una docena de cursos gratuitos que CARES desarrolla este oto\u00f1o en Galicia, Asturias y Le\u00f3n, todos ellos orientados a promover una gesti\u00f3n forestal activa, sostenible y generadora de empleo local. Con estas acciones, el proyecto CARES refuerza su apuesta por un modelo de desarrollo rural inclusivo, donde la igualdad de g\u00e9nero es una herramienta esencial para revitalizar los territorios. La combinaci\u00f3n de la resina y la casta\u00f1a como recursos forestales complementarios permite crear empleo estable, diversificar rentas y fijar poblaci\u00f3n en las zonas rurales m\u00e1s despoboadas del noroeste peninsular. Las personas interesadas a\u00fan pueden inscribirse en las distintas formaciones a trav\u00e9s de la <a href=\"https:\/\/caresgestionforestal.com\/formacion\/\" target=\"_blank\" rel=\"noopener\"><strong>web del proyecto CARES.<\/strong><\/a><\/p>\n","protected":false},"excerpt":{"rendered":"<p>El proyecto CARES, en el que participa el grupo de investigaci\u00f3n Proyectos y Planificaci\u00f3n (PROePLA) de la USC en la Escuela Polit\u00e9cnica Superior de Ingenier\u00eda del<span class=\"excerpt-hellip\"> [\u2026]<\/span><\/p>\n","protected":false},"author":8,"featured_media":3261,"comment_status":"open","ping_status":"open","sticky":false,"template":"","format":"standard","meta":{"footnotes":""},"categories":[92],"tags":[238],"acf":[],"yoast_head":"<!-- This site is optimized with the Yoast SEO plugin v21.2 - https:\/\/yoast.com\/wordpress\/plugins\/seo\/ -->\n<title>PROePLA impulsa la formaci\u00f3n de las mujeres rurales en el marco del proyecto CARES - Innova - Campo Galego<\/title>\n<meta name=\"robots\" content=\"index, follow, max-snippet:-1, max-image-preview:large, max-video-preview:-1\" \/>\n<link rel=\"canonical\" href=\"https:\/\/innova.campogalego.gal\/es\/campus-terra-es\/proepla-impulsa-la-formacion-de-las-mujeres-rurales-en-el-marco-del-proyecto-cares.html\" \/>\n<meta property=\"og:locale\" content=\"es_ES\" \/>\n<meta property=\"og:type\" content=\"article\" \/>\n<meta property=\"og:title\" content=\"PROePLA impulsa la formaci\u00f3n de las mujeres rurales en el marco del proyecto CARES - Innova - Campo Galego\" \/>\n<meta property=\"og:description\" content=\"El proyecto CARES, en el que participa el grupo de investigaci\u00f3n Proyectos y Planificaci\u00f3n (PROePLA) de la USC en la Escuela Polit\u00e9cnica Superior de Ingenier\u00eda del [\u2026]\" \/>\n<meta property=\"og:url\" content=\"https:\/\/innova.campogalego.gal\/es\/campus-terra-es\/proepla-impulsa-la-formacion-de-las-mujeres-rurales-en-el-marco-del-proyecto-cares.html\" \/>\n<meta property=\"og:site_name\" content=\"Innova - Campo Galego\" \/>\n<meta property=\"article:published_time\" content=\"2025-10-18T06:47:55+00:00\" \/>\n<meta property=\"og:image\" content=\"https:\/\/innova.campogalego.gal\/wp-content\/uploads\/2024\/02\/proxecto-Cares-USC.jpg\" \/>\n\t<meta property=\"og:image:width\" content=\"1200\" \/>\n\t<meta property=\"og:image:height\" content=\"800\" \/>\n\t<meta property=\"og:image:type\" content=\"image\/jpeg\" \/>\n<meta name=\"author\" content=\"David Gonz\u00e1lez\" \/>\n<meta name=\"twitter:card\" content=\"summary_large_image\" \/>\n<meta name=\"twitter:label1\" content=\"Escrito por\" \/>\n\t<meta name=\"twitter:data1\" content=\"David Gonz\u00e1lez\" \/>\n\t<meta name=\"twitter:label2\" content=\"Tiempo de lectura\" \/>\n\t<meta name=\"twitter:data2\" content=\"4 minutos\" \/>\n<script type=\"application\/ld+json\" class=\"yoast-schema-graph\">{\"@context\":\"https:\/\/schema.org\",\"@graph\":[{\"@type\":\"WebPage\",\"@id\":\"https:\/\/innova.campogalego.gal\/es\/campus-terra-es\/proepla-impulsa-la-formacion-de-las-mujeres-rurales-en-el-marco-del-proyecto-cares.html\",\"url\":\"https:\/\/innova.campogalego.gal\/es\/campus-terra-es\/proepla-impulsa-la-formacion-de-las-mujeres-rurales-en-el-marco-del-proyecto-cares.html\",\"name\":\"PROePLA impulsa la formaci\u00f3n de las mujeres rurales en el marco del proyecto CARES - Innova - Campo Galego\",\"isPartOf\":{\"@id\":\"https:\/\/innova.campogalego.gal\/es#website\"},\"datePublished\":\"2025-10-18T06:47:55+00:00\",\"dateModified\":\"2025-10-18T06:47:55+00:00\",\"author\":{\"@id\":\"https:\/\/innova.campogalego.gal\/es#\/schema\/person\/9da4eb4e8b2916b8ccf46b6dd679f8fa\"},\"breadcrumb\":{\"@id\":\"https:\/\/innova.campogalego.gal\/es\/campus-terra-es\/proepla-impulsa-la-formacion-de-las-mujeres-rurales-en-el-marco-del-proyecto-cares.html#breadcrumb\"},\"inLanguage\":\"es\",\"potentialAction\":[{\"@type\":\"ReadAction\",\"target\":[\"https:\/\/innova.campogalego.gal\/es\/campus-terra-es\/proepla-impulsa-la-formacion-de-las-mujeres-rurales-en-el-marco-del-proyecto-cares.html\"]}]},{\"@type\":\"BreadcrumbList\",\"@id\":\"https:\/\/innova.campogalego.gal\/es\/campus-terra-es\/proepla-impulsa-la-formacion-de-las-mujeres-rurales-en-el-marco-del-proyecto-cares.html#breadcrumb\",\"itemListElement\":[{\"@type\":\"ListItem\",\"position\":1,\"name\":\"Portada\",\"item\":\"https:\/\/innova.campogalego.gal\/es\"},{\"@type\":\"ListItem\",\"position\":2,\"name\":\"PROePLA impulsa la formaci\u00f3n de las mujeres rurales en el marco del proyecto CARES\"}]},{\"@type\":\"WebSite\",\"@id\":\"https:\/\/innova.campogalego.gal\/es#website\",\"url\":\"https:\/\/innova.campogalego.gal\/es\",\"name\":\"Innova - Campo Galego\",\"description\":\"\",\"potentialAction\":[{\"@type\":\"SearchAction\",\"target\":{\"@type\":\"EntryPoint\",\"urlTemplate\":\"https:\/\/innova.campogalego.gal\/es?s={search_term_string}\"},\"query-input\":\"required name=search_term_string\"}],\"inLanguage\":\"es\"},{\"@type\":\"Person\",\"@id\":\"https:\/\/innova.campogalego.gal\/es#\/schema\/person\/9da4eb4e8b2916b8ccf46b6dd679f8fa\",\"name\":\"David Gonz\u00e1lez\",\"image\":{\"@type\":\"ImageObject\",\"inLanguage\":\"es\",\"@id\":\"https:\/\/innova.campogalego.gal\/es#\/schema\/person\/image\/\",\"url\":\"https:\/\/secure.gravatar.com\/avatar\/04102c824107627242b6f1350a10c01f?s=96&d=mm&r=g\",\"contentUrl\":\"https:\/\/secure.gravatar.com\/avatar\/04102c824107627242b6f1350a10c01f?s=96&d=mm&r=g\",\"caption\":\"David Gonz\u00e1lez\"},\"url\":\"https:\/\/innova.campogalego.gal\/es\/author\/david\"}]}<\/script>\n<!-- \/ Yoast SEO plugin. -->","yoast_head_json":{"title":"PROePLA impulsa la formaci\u00f3n de las mujeres rurales en el marco del proyecto CARES - Innova - Campo Galego","robots":{"index":"index","follow":"follow","max-snippet":"max-snippet:-1","max-image-preview":"max-image-preview:large","max-video-preview":"max-video-preview:-1"},"canonical":"https:\/\/innova.campogalego.gal\/es\/campus-terra-es\/proepla-impulsa-la-formacion-de-las-mujeres-rurales-en-el-marco-del-proyecto-cares.html","og_locale":"es_ES","og_type":"article","og_title":"PROePLA impulsa la formaci\u00f3n de las mujeres rurales en el marco del proyecto CARES - Innova - Campo Galego","og_description":"El proyecto CARES, en el que participa el grupo de investigaci\u00f3n Proyectos y Planificaci\u00f3n (PROePLA) de la USC en la Escuela Polit\u00e9cnica Superior de Ingenier\u00eda del [\u2026]","og_url":"https:\/\/innova.campogalego.gal\/es\/campus-terra-es\/proepla-impulsa-la-formacion-de-las-mujeres-rurales-en-el-marco-del-proyecto-cares.html","og_site_name":"Innova - Campo Galego","article_published_time":"2025-10-18T06:47:55+00:00","og_image":[{"width":1200,"height":800,"url":"https:\/\/innova.campogalego.gal\/wp-content\/uploads\/2024\/02\/proxecto-Cares-USC.jpg","type":"image\/jpeg"}],"author":"David Gonz\u00e1lez","twitter_card":"summary_large_image","twitter_misc":{"Escrito por":"David Gonz\u00e1lez","Tiempo de lectura":"4 minutos"},"schema":{"@context":"https:\/\/schema.org","@graph":[{"@type":"WebPage","@id":"https:\/\/innova.campogalego.gal\/es\/campus-terra-es\/proepla-impulsa-la-formacion-de-las-mujeres-rurales-en-el-marco-del-proyecto-cares.html","url":"https:\/\/innova.campogalego.gal\/es\/campus-terra-es\/proepla-impulsa-la-formacion-de-las-mujeres-rurales-en-el-marco-del-proyecto-cares.html","name":"PROePLA impulsa la formaci\u00f3n de las mujeres rurales en el marco del proyecto CARES - Innova - Campo Galego","isPartOf":{"@id":"https:\/\/innova.campogalego.gal\/es#website"},"datePublished":"2025-10-18T06:47:55+00:00","dateModified":"2025-10-18T06:47:55+00:00","author":{"@id":"https:\/\/innova.campogalego.gal\/es#\/schema\/person\/9da4eb4e8b2916b8ccf46b6dd679f8fa"},"breadcrumb":{"@id":"https:\/\/innova.campogalego.gal\/es\/campus-terra-es\/proepla-impulsa-la-formacion-de-las-mujeres-rurales-en-el-marco-del-proyecto-cares.html#breadcrumb"},"inLanguage":"es","potentialAction":[{"@type":"ReadAction","target":["https:\/\/innova.campogalego.gal\/es\/campus-terra-es\/proepla-impulsa-la-formacion-de-las-mujeres-rurales-en-el-marco-del-proyecto-cares.html"]}]},{"@type":"BreadcrumbList","@id":"https:\/\/innova.campogalego.gal\/es\/campus-terra-es\/proepla-impulsa-la-formacion-de-las-mujeres-rurales-en-el-marco-del-proyecto-cares.html#breadcrumb","itemListElement":[{"@type":"ListItem","position":1,"name":"Portada","item":"https:\/\/innova.campogalego.gal\/es"},{"@type":"ListItem","position":2,"name":"PROePLA impulsa la formaci\u00f3n de las mujeres rurales en el marco del proyecto CARES"}]},{"@type":"WebSite","@id":"https:\/\/innova.campogalego.gal\/es#website","url":"https:\/\/innova.campogalego.gal\/es","name":"Innova - Campo Galego","description":"","potentialAction":[{"@type":"SearchAction","target":{"@type":"EntryPoint","urlTemplate":"https:\/\/innova.campogalego.gal\/es?s={search_term_string}"},"query-input":"required name=search_term_string"}],"inLanguage":"es"},{"@type":"Person","@id":"https:\/\/innova.campogalego.gal\/es#\/schema\/person\/9da4eb4e8b2916b8ccf46b6dd679f8fa","name":"David Gonz\u00e1lez","image":{"@type":"ImageObject","inLanguage":"es","@id":"https:\/\/innova.campogalego.gal\/es#\/schema\/person\/image\/","url":"https:\/\/secure.gravatar.com\/avatar\/04102c824107627242b6f1350a10c01f?s=96&d=mm&r=g","contentUrl":"https:\/\/secure.gravatar.com\/avatar\/04102c824107627242b6f1350a10c01f?s=96&d=mm&r=g","caption":"David Gonz\u00e1lez"},"url":"https:\/\/innova.campogalego.gal\/es\/author\/david"}]}},"_links":{"self":[{"href":"https:\/\/innova.campogalego.gal\/es\/wp-json\/wp\/v2\/posts\/6915"}],"collection":[{"href":"https:\/\/innova.campogalego.gal\/es\/wp-json\/wp\/v2\/posts"}],"about":[{"href":"https:\/\/innova.campogalego.gal\/es\/wp-json\/wp\/v2\/types\/post"}],"author":[{"embeddable":true,"href":"https:\/\/innova.campogalego.gal\/es\/wp-json\/wp\/v2\/users\/8"}],"replies":[{"embeddable":true,"href":"https:\/\/innova.campogalego.gal\/es\/wp-json\/wp\/v2\/comments?post=6915"}],"version-history":[{"count":1,"href":"https:\/\/innova.campogalego.gal\/es\/wp-json\/wp\/v2\/posts\/6915\/revisions"}],"predecessor-version":[{"id":6916,"href":"https:\/\/innova.campogalego.gal\/es\/wp-json\/wp\/v2\/posts\/6915\/revisions\/6916"}],"wp:featuredmedia":[{"embeddable":true,"href":"https:\/\/innova.campogalego.gal\/es\/wp-json\/wp\/v2\/media\/3261"}],"wp:attachment":[{"href":"https:\/\/innova.campogalego.gal\/es\/wp-json\/wp\/v2\/media?parent=6915"}],"wp:term":[{"taxonomy":"category","embeddable":true,"href":"https:\/\/innova.campogalego.gal\/es\/wp-json\/wp\/v2\/categories?post=6915"},{"taxonomy":"post_tag","embeddable":true,"href":"https:\/\/innova.campogalego.gal\/es\/wp-json\/wp\/v2\/tags?post=6915"}],"curies":[{"name":"wp","href":"https:\/\/api.w.org\/{rel}","templated":true}]}}