{"id":7126,"date":"2025-11-26T20:31:29","date_gmt":"2025-11-26T19:31:29","guid":{"rendered":"https:\/\/innova.campogalego.gal\/?p=7126"},"modified":"2025-11-26T20:31:58","modified_gmt":"2025-11-26T19:31:58","slug":"el-grupo-operativo-oliveiras-de-galicia-elabora-el-primer-aceite-con-variedades-autoctonas","status":"publish","type":"post","link":"https:\/\/innova.campogalego.gal\/es\/agricultura-es\/el-grupo-operativo-oliveiras-de-galicia-elabora-el-primer-aceite-con-variedades-autoctonas.html","title":{"rendered":"El Grupo Operativo Oliveiras de Galicia elabora el primer aceite con variedades aut\u00f3ctonas"},"content":{"rendered":"<p align=\"JUSTIFY\"><span style=\"font-family: Arial, serif;\"><img decoding=\"async\" loading=\"lazy\" class=\"aligncenter size-full wp-image-7120 lazyload\" src=\"data:image\/gif;base64,R0lGODlhAQABAAAAACH5BAEKAAEALAAAAAABAAEAAAICTAEAOw==\" alt=\"\" width=\"2560\" height=\"1331\" sizes=\"(max-width:767px) 480px, (max-width:2560px) 100vw, 2560px\" data-src=\"https:\/\/innova.campogalego.gal\/wp-content\/uploads\/2025\/11\/GOOliveirasdeGali-3-scaled.jpg\" data-srcset=\"https:\/\/innova.campogalego.gal\/wp-content\/uploads\/2025\/11\/GOOliveirasdeGali-3-scaled.jpg 2560w, https:\/\/innova.campogalego.gal\/wp-content\/uploads\/2025\/11\/GOOliveirasdeGali-3-300x156.jpg 300w, https:\/\/innova.campogalego.gal\/wp-content\/uploads\/2025\/11\/GOOliveirasdeGali-3-1024x533.jpg 1024w\">En los laboratorios de la Misi\u00f3n Biol\u00f3gica de Galicia (CSIC), socia del Grupo Operativo Oliveiras de Galicia, se ha elaborado el primer aceite con la primera cosecha de aceitunas producidas por los ejemplares de las 11 variedades aut\u00f3ctonas plantadas en la parcela experimental de la Misi\u00f3n en Pontevedra. En esta prueba, se trabaj\u00f3 con peque\u00f1as cantidades de aceitunas de diferentes variedades con el equipo OLIMAKER, que permite hacer micro elaboraciones. La noticia se hace p\u00fablica coincidiendo con el D\u00eda Mundial del Olivo. <\/span><\/p>\n<p align=\"JUSTIFY\"><span style=\"font-family: Arial, serif;\">Esta efem\u00e9ride fue proclamada por la UNESCO en 2019 y se celebra cada a\u00f1o el 26 de noviembre. El objetivo es fomentar la protecci\u00f3n de este \u00e1rbol milenario y los valores que representa con el fin de apreciar su importante significado social, cultural, econ\u00f3mico y ambiental para la humanidad. <\/span><\/p>\n<p align=\"JUSTIFY\"><span style=\"font-family: Arial, serif;\">Para las catas t\u00e9cnicas de estas pruebas, el consorcio del GO Oliveiras de Galicia solicit\u00f3 la colaboraci\u00f3n del IES O Ribeiro (Ribadavia, Ourense). Hasta la sede de la MBG se desplaz\u00f3 un equipo formado por la profesora Liliana Lafuente Acu\u00f1a y dos estudiantes del ciclo formativo Grado Medio de Aceites de Oliva y Vinos.<\/span><\/p>\n<p align=\"JUSTIFY\"><span style=\"font-family: Arial, serif;\">En un futuro, la MBG prev\u00e9 volver a colaborar con el centro educativo para que el alumnado pueda hacer all\u00ed sus pr\u00e1cticas formativas y participar en este estudio sobre los olivos aut\u00f3ctonos, adem\u00e1s de seguir realizando las catas t\u00e9cnicas de pr\u00f3ximas cosechas.<\/span><\/p>\n<p align=\"JUSTIFY\"><span style=\"font-family: Arial, serif;\"><b>\u00bfQu\u00e9 es el GO Oliveiras de Galicia?<\/b><\/span><\/p>\n<p align=\"JUSTIFY\"><span style=\"font-family: Arial, serif;\">El consorcio del GO Olivos de Galicia est\u00e1 integrado por la Fundaci\u00f3n Juana de Vega (beneficiario principal), la Misi\u00f3n Biol\u00f3gica de Galicia (MBG -CSIC) y las empresas Ouro de Quiroga (Lugo) y Olivar de la Concordia (Valga, Pontevedra). La Axencia Galega da Calidade Alimentaria (AGACAL) de la Conseller\u00eda de Medio Rural es colaborador externo y el laboratorio Cultigar, entidad subcontratada.<\/span><\/p>\n<p align=\"JUSTIFY\"><span style=\"font-family: Arial, serif;\">El trabajo del Grupo Operativo Oliveiras de Galicia comenz\u00f3 el 1 de septiembre de 2023 y se prolongar\u00e1 hasta el 30 de septiembre de 2026 con el objetivo de optimizar t\u00e9cnicas de estaquillado cl\u00e1sico y micropropagaci\u00f3n in vitro para la multiplicaci\u00f3n a gran escala de 11 variedades \u00fanicas de olivos <\/span><span style=\"color: #000000;\"><span style=\"font-family: Arial, serif;\">(Brava gallega y Mansa gallega, Br\u00e9tema, Carapucho, Carmeli\u00f1a, Folgueira, Maruxi\u00f1a, Susi\u00f1a, Hedreira, Xoana y Santiagueira). <\/span><\/span><span style=\"font-family: Arial, serif;\">Esta investigaci\u00f3n aplicada tambi\u00e9n busca sentar las bases para iniciar estudios comparativos sobre el comportamiento agron\u00f3mico de estas variedades en plantaciones experimentales situadas en diferentes puntos de Galicia.<\/span><\/p>\n<p align=\"JUSTIFY\"><span style=\"font-family: Arial, serif;\">Se prev\u00e9 que los resultados alcanzados supongan un salto tecnol\u00f3gico en la obtenci\u00f3n de plantas enraizadas, adem\u00e1s de permitir la transferencia de conocimiento a la cadena de valor del olivar gallego para dar respuesta al elevado inter\u00e9s por este cultivo.<\/span><\/p>\n<p align=\"JUSTIFY\"><span style=\"font-family: Arial, serif;\">El Grupo Operativo Oliveiras de Galicia representa un paso m\u00e1s en la recuperaci\u00f3n del olivar gallego y de sus variedades. La primera investigaci\u00f3n se inici\u00f3 en 2012 de la mano del grupo Viticultura, Oliveira y Rosa (VIOR) de la Misi\u00f3n Biol\u00f3gica de Galicia en el marco del proyecto <\/span><span style=\"color: #000000;\"><span style=\"font-family: Arial, serif;\">Inngal-Agromarsalud GAliat 6+7<\/span><\/span><span style=\"font-family: Arial, serif;\">, financiado por el Centro para el Desarrollo Tecnol\u00f3gico e Industrial (CDTI). <\/span><\/p>\n<p align=\"JUSTIFY\"><span style=\"font-family: Arial, serif;\">Despu\u00e9s, el estudio continu\u00f3 entre 2017 y 2023 con el apoyo de la Fundaci\u00f3n Juana de Vega, que aport\u00f3 unos 350.000\u20ac procedentes de fondos propios de la entidad.<\/span><\/p>\n<p align=\"JUSTIFY\"><span style=\"font-family: Arial, serif;\">En la actualidad, los trabajos contin\u00faan a trav\u00e9s de este Grupo Operativo Oliveiras de Galicia financiado con 179.652,68\u20ac en la convocatoria 2023 de las Ayudas para la ejecuci\u00f3n de proyectos innovadores de los Grupos Operativos de la Asociaci\u00f3n Europea de la Innovaci\u00f3n (AEI), cofinanciadas a su vez con el Fondo Europeo Agr\u00edcola de Desarrollo Rural (FEADER) en el marco del Plan Estrat\u00e9gico de la Pol\u00edtica Agraria Com\u00fan (PEPAC) 2023-2027.<\/span><\/p>\n<p align=\"JUSTIFY\"><span style=\"font-family: Arial, serif;\">De las once variedades estudiadas en el marco de este Grupo Operativo, dos de ellas (<\/span><span style=\"color: #000000;\"><span style=\"font-family: Arial, serif;\">Brava gallega y Mansa gallega<\/span><\/span><span style=\"font-family: Arial, serif;\">) est\u00e1n inscritas en el Registro de Variedades de Conservaci\u00f3n y tres, <\/span><span style=\"color: #000000;\"><span style=\"font-family: Arial, serif;\">Carapucho<\/span><\/span><span style=\"font-family: Arial, serif;\">, Carmeli\u00f1a y Maruxi\u00f1a, figuran en el Registro de Variedades Comerciales del MAPA <\/span> <span style=\"font-family: Arial, serif;\">(<a href=\"https:\/\/chrome-extension:\/\/efaidnbmnnnibpcajpcglclefindmkaj\/https:\/www.boe.es\/boe\/dias\/2024\/12\/17\/pdfs\/BOE-A-2024-26334.pdf\">BOE, 17\/12\/2024<\/a>).<\/span> <span style=\"font-family: Arial, serif;\">El resto de las variedades est\u00e1n, actualmente, en proceso de registro.<\/span><\/p>\n<p align=\"JUSTIFY\"><span style=\"font-family: Arial, serif;\">La elaboraci\u00f3n de este primer aceite suma otro hito en el estudio del olivar gallego.<\/span><\/p>\n<p align=\"JUSTIFY\"><img decoding=\"async\" loading=\"lazy\" class=\"aligncenter size-full wp-image-7122 lazyload\" src=\"data:image\/gif;base64,R0lGODlhAQABAAAAACH5BAEKAAEALAAAAAABAAEAAAICTAEAOw==\" alt=\"\" width=\"1710\" height=\"1171\" sizes=\"(max-width:767px) 480px, (max-width:1710px) 100vw, 1710px\" data-src=\"https:\/\/innova.campogalego.gal\/wp-content\/uploads\/2025\/11\/GOOliveirasdeGalicia.jpg\" data-srcset=\"https:\/\/innova.campogalego.gal\/wp-content\/uploads\/2025\/11\/GOOliveirasdeGalicia.jpg 1710w, https:\/\/innova.campogalego.gal\/wp-content\/uploads\/2025\/11\/GOOliveirasdeGalicia-300x205.jpg 300w, https:\/\/innova.campogalego.gal\/wp-content\/uploads\/2025\/11\/GOOliveirasdeGalicia-1024x701.jpg 1024w\"><\/p>\n<p align=\"JUSTIFY\">\n","protected":false},"excerpt":{"rendered":"<p>En los laboratorios de la Misi\u00f3n Biol\u00f3gica de Galicia (CSIC), socia del Grupo Operativo Oliveiras de Galicia, se ha elaborado el primer aceite con la primera<span class=\"excerpt-hellip\"> [\u2026]<\/span><\/p>\n","protected":false},"author":8,"featured_media":7120,"comment_status":"open","ping_status":"open","sticky":false,"template":"","format":"standard","meta":{"footnotes":""},"categories":[86],"tags":[421,325],"acf":[],"yoast_head":"<!-- This site is optimized with the Yoast SEO plugin v21.2 - https:\/\/yoast.com\/wordpress\/plugins\/seo\/ -->\n<title>El Grupo Operativo Oliveiras de Galicia elabora el primer aceite con variedades aut\u00f3ctonas - Innova - Campo Galego<\/title>\n<meta name=\"robots\" content=\"index, follow, max-snippet:-1, max-image-preview:large, max-video-preview:-1\" \/>\n<link rel=\"canonical\" href=\"https:\/\/innova.campogalego.gal\/es\/agricultura-es\/el-grupo-operativo-oliveiras-de-galicia-elabora-el-primer-aceite-con-variedades-autoctonas.html\" \/>\n<meta property=\"og:locale\" content=\"es_ES\" \/>\n<meta property=\"og:type\" content=\"article\" \/>\n<meta property=\"og:title\" content=\"El Grupo Operativo Oliveiras de Galicia elabora el primer aceite con variedades aut\u00f3ctonas - Innova - Campo Galego\" \/>\n<meta property=\"og:description\" content=\"En los laboratorios de la Misi\u00f3n Biol\u00f3gica de Galicia (CSIC), socia del Grupo Operativo Oliveiras de Galicia, se ha elaborado el primer aceite con la primera [\u2026]\" \/>\n<meta property=\"og:url\" content=\"https:\/\/innova.campogalego.gal\/es\/agricultura-es\/el-grupo-operativo-oliveiras-de-galicia-elabora-el-primer-aceite-con-variedades-autoctonas.html\" \/>\n<meta property=\"og:site_name\" content=\"Innova - Campo Galego\" \/>\n<meta property=\"article:published_time\" content=\"2025-11-26T19:31:29+00:00\" \/>\n<meta property=\"article:modified_time\" content=\"2025-11-26T19:31:58+00:00\" \/>\n<meta property=\"og:image\" content=\"https:\/\/innova.campogalego.gal\/wp-content\/uploads\/2025\/11\/GOOliveirasdeGali-3-scaled.jpg\" \/>\n\t<meta property=\"og:image:width\" content=\"2560\" \/>\n\t<meta property=\"og:image:height\" content=\"1331\" \/>\n\t<meta property=\"og:image:type\" content=\"image\/jpeg\" \/>\n<meta name=\"author\" content=\"David Gonz\u00e1lez\" \/>\n<meta name=\"twitter:card\" content=\"summary_large_image\" \/>\n<meta name=\"twitter:label1\" content=\"Escrito por\" \/>\n\t<meta name=\"twitter:data1\" content=\"David Gonz\u00e1lez\" \/>\n\t<meta name=\"twitter:label2\" content=\"Tiempo de lectura\" \/>\n\t<meta name=\"twitter:data2\" content=\"4 minutos\" \/>\n<script type=\"application\/ld+json\" class=\"yoast-schema-graph\">{\"@context\":\"https:\/\/schema.org\",\"@graph\":[{\"@type\":\"WebPage\",\"@id\":\"https:\/\/innova.campogalego.gal\/es\/agricultura-es\/el-grupo-operativo-oliveiras-de-galicia-elabora-el-primer-aceite-con-variedades-autoctonas.html\",\"url\":\"https:\/\/innova.campogalego.gal\/es\/agricultura-es\/el-grupo-operativo-oliveiras-de-galicia-elabora-el-primer-aceite-con-variedades-autoctonas.html\",\"name\":\"El Grupo Operativo Oliveiras de Galicia elabora el primer aceite con variedades aut\u00f3ctonas - Innova - Campo Galego\",\"isPartOf\":{\"@id\":\"https:\/\/innova.campogalego.gal\/es#website\"},\"datePublished\":\"2025-11-26T19:31:29+00:00\",\"dateModified\":\"2025-11-26T19:31:58+00:00\",\"author\":{\"@id\":\"https:\/\/innova.campogalego.gal\/es#\/schema\/person\/9da4eb4e8b2916b8ccf46b6dd679f8fa\"},\"breadcrumb\":{\"@id\":\"https:\/\/innova.campogalego.gal\/es\/agricultura-es\/el-grupo-operativo-oliveiras-de-galicia-elabora-el-primer-aceite-con-variedades-autoctonas.html#breadcrumb\"},\"inLanguage\":\"es\",\"potentialAction\":[{\"@type\":\"ReadAction\",\"target\":[\"https:\/\/innova.campogalego.gal\/es\/agricultura-es\/el-grupo-operativo-oliveiras-de-galicia-elabora-el-primer-aceite-con-variedades-autoctonas.html\"]}]},{\"@type\":\"BreadcrumbList\",\"@id\":\"https:\/\/innova.campogalego.gal\/es\/agricultura-es\/el-grupo-operativo-oliveiras-de-galicia-elabora-el-primer-aceite-con-variedades-autoctonas.html#breadcrumb\",\"itemListElement\":[{\"@type\":\"ListItem\",\"position\":1,\"name\":\"Portada\",\"item\":\"https:\/\/innova.campogalego.gal\/es\"},{\"@type\":\"ListItem\",\"position\":2,\"name\":\"El Grupo Operativo Oliveiras de Galicia elabora el primer aceite con variedades aut\u00f3ctonas\"}]},{\"@type\":\"WebSite\",\"@id\":\"https:\/\/innova.campogalego.gal\/es#website\",\"url\":\"https:\/\/innova.campogalego.gal\/es\",\"name\":\"Innova - Campo Galego\",\"description\":\"\",\"potentialAction\":[{\"@type\":\"SearchAction\",\"target\":{\"@type\":\"EntryPoint\",\"urlTemplate\":\"https:\/\/innova.campogalego.gal\/es?s={search_term_string}\"},\"query-input\":\"required name=search_term_string\"}],\"inLanguage\":\"es\"},{\"@type\":\"Person\",\"@id\":\"https:\/\/innova.campogalego.gal\/es#\/schema\/person\/9da4eb4e8b2916b8ccf46b6dd679f8fa\",\"name\":\"David Gonz\u00e1lez\",\"image\":{\"@type\":\"ImageObject\",\"inLanguage\":\"es\",\"@id\":\"https:\/\/innova.campogalego.gal\/es#\/schema\/person\/image\/\",\"url\":\"https:\/\/secure.gravatar.com\/avatar\/04102c824107627242b6f1350a10c01f?s=96&d=mm&r=g\",\"contentUrl\":\"https:\/\/secure.gravatar.com\/avatar\/04102c824107627242b6f1350a10c01f?s=96&d=mm&r=g\",\"caption\":\"David Gonz\u00e1lez\"},\"url\":\"https:\/\/innova.campogalego.gal\/es\/author\/david\"}]}<\/script>\n<!-- \/ Yoast SEO plugin. -->","yoast_head_json":{"title":"El Grupo Operativo Oliveiras de Galicia elabora el primer aceite con variedades aut\u00f3ctonas - Innova - Campo Galego","robots":{"index":"index","follow":"follow","max-snippet":"max-snippet:-1","max-image-preview":"max-image-preview:large","max-video-preview":"max-video-preview:-1"},"canonical":"https:\/\/innova.campogalego.gal\/es\/agricultura-es\/el-grupo-operativo-oliveiras-de-galicia-elabora-el-primer-aceite-con-variedades-autoctonas.html","og_locale":"es_ES","og_type":"article","og_title":"El Grupo Operativo Oliveiras de Galicia elabora el primer aceite con variedades aut\u00f3ctonas - Innova - Campo Galego","og_description":"En los laboratorios de la Misi\u00f3n Biol\u00f3gica de Galicia (CSIC), socia del Grupo Operativo Oliveiras de Galicia, se ha elaborado el primer aceite con la primera [\u2026]","og_url":"https:\/\/innova.campogalego.gal\/es\/agricultura-es\/el-grupo-operativo-oliveiras-de-galicia-elabora-el-primer-aceite-con-variedades-autoctonas.html","og_site_name":"Innova - Campo Galego","article_published_time":"2025-11-26T19:31:29+00:00","article_modified_time":"2025-11-26T19:31:58+00:00","og_image":[{"width":2560,"height":1331,"url":"https:\/\/innova.campogalego.gal\/wp-content\/uploads\/2025\/11\/GOOliveirasdeGali-3-scaled.jpg","type":"image\/jpeg"}],"author":"David Gonz\u00e1lez","twitter_card":"summary_large_image","twitter_misc":{"Escrito por":"David Gonz\u00e1lez","Tiempo de lectura":"4 minutos"},"schema":{"@context":"https:\/\/schema.org","@graph":[{"@type":"WebPage","@id":"https:\/\/innova.campogalego.gal\/es\/agricultura-es\/el-grupo-operativo-oliveiras-de-galicia-elabora-el-primer-aceite-con-variedades-autoctonas.html","url":"https:\/\/innova.campogalego.gal\/es\/agricultura-es\/el-grupo-operativo-oliveiras-de-galicia-elabora-el-primer-aceite-con-variedades-autoctonas.html","name":"El Grupo Operativo Oliveiras de Galicia elabora el primer aceite con variedades aut\u00f3ctonas - Innova - Campo Galego","isPartOf":{"@id":"https:\/\/innova.campogalego.gal\/es#website"},"datePublished":"2025-11-26T19:31:29+00:00","dateModified":"2025-11-26T19:31:58+00:00","author":{"@id":"https:\/\/innova.campogalego.gal\/es#\/schema\/person\/9da4eb4e8b2916b8ccf46b6dd679f8fa"},"breadcrumb":{"@id":"https:\/\/innova.campogalego.gal\/es\/agricultura-es\/el-grupo-operativo-oliveiras-de-galicia-elabora-el-primer-aceite-con-variedades-autoctonas.html#breadcrumb"},"inLanguage":"es","potentialAction":[{"@type":"ReadAction","target":["https:\/\/innova.campogalego.gal\/es\/agricultura-es\/el-grupo-operativo-oliveiras-de-galicia-elabora-el-primer-aceite-con-variedades-autoctonas.html"]}]},{"@type":"BreadcrumbList","@id":"https:\/\/innova.campogalego.gal\/es\/agricultura-es\/el-grupo-operativo-oliveiras-de-galicia-elabora-el-primer-aceite-con-variedades-autoctonas.html#breadcrumb","itemListElement":[{"@type":"ListItem","position":1,"name":"Portada","item":"https:\/\/innova.campogalego.gal\/es"},{"@type":"ListItem","position":2,"name":"El Grupo Operativo Oliveiras de Galicia elabora el primer aceite con variedades aut\u00f3ctonas"}]},{"@type":"WebSite","@id":"https:\/\/innova.campogalego.gal\/es#website","url":"https:\/\/innova.campogalego.gal\/es","name":"Innova - Campo Galego","description":"","potentialAction":[{"@type":"SearchAction","target":{"@type":"EntryPoint","urlTemplate":"https:\/\/innova.campogalego.gal\/es?s={search_term_string}"},"query-input":"required name=search_term_string"}],"inLanguage":"es"},{"@type":"Person","@id":"https:\/\/innova.campogalego.gal\/es#\/schema\/person\/9da4eb4e8b2916b8ccf46b6dd679f8fa","name":"David Gonz\u00e1lez","image":{"@type":"ImageObject","inLanguage":"es","@id":"https:\/\/innova.campogalego.gal\/es#\/schema\/person\/image\/","url":"https:\/\/secure.gravatar.com\/avatar\/04102c824107627242b6f1350a10c01f?s=96&d=mm&r=g","contentUrl":"https:\/\/secure.gravatar.com\/avatar\/04102c824107627242b6f1350a10c01f?s=96&d=mm&r=g","caption":"David Gonz\u00e1lez"},"url":"https:\/\/innova.campogalego.gal\/es\/author\/david"}]}},"_links":{"self":[{"href":"https:\/\/innova.campogalego.gal\/es\/wp-json\/wp\/v2\/posts\/7126"}],"collection":[{"href":"https:\/\/innova.campogalego.gal\/es\/wp-json\/wp\/v2\/posts"}],"about":[{"href":"https:\/\/innova.campogalego.gal\/es\/wp-json\/wp\/v2\/types\/post"}],"author":[{"embeddable":true,"href":"https:\/\/innova.campogalego.gal\/es\/wp-json\/wp\/v2\/users\/8"}],"replies":[{"embeddable":true,"href":"https:\/\/innova.campogalego.gal\/es\/wp-json\/wp\/v2\/comments?post=7126"}],"version-history":[{"count":2,"href":"https:\/\/innova.campogalego.gal\/es\/wp-json\/wp\/v2\/posts\/7126\/revisions"}],"predecessor-version":[{"id":7128,"href":"https:\/\/innova.campogalego.gal\/es\/wp-json\/wp\/v2\/posts\/7126\/revisions\/7128"}],"wp:featuredmedia":[{"embeddable":true,"href":"https:\/\/innova.campogalego.gal\/es\/wp-json\/wp\/v2\/media\/7120"}],"wp:attachment":[{"href":"https:\/\/innova.campogalego.gal\/es\/wp-json\/wp\/v2\/media?parent=7126"}],"wp:term":[{"taxonomy":"category","embeddable":true,"href":"https:\/\/innova.campogalego.gal\/es\/wp-json\/wp\/v2\/categories?post=7126"},{"taxonomy":"post_tag","embeddable":true,"href":"https:\/\/innova.campogalego.gal\/es\/wp-json\/wp\/v2\/tags?post=7126"}],"curies":[{"name":"wp","href":"https:\/\/api.w.org\/{rel}","templated":true}]}}