{"id":7377,"date":"2026-01-22T19:40:15","date_gmt":"2026-01-22T18:40:15","guid":{"rendered":"https:\/\/innova.campogalego.gal\/?p=7377"},"modified":"2026-01-22T19:40:15","modified_gmt":"2026-01-22T18:40:15","slug":"la-catedra-unesco-de-reservas-de-biosfera-atlanticas-busca-preservar-mejorar-la-calidad-de-vida-en-medio-rural","status":"publish","type":"post","link":"https:\/\/innova.campogalego.gal\/es\/campus-terra-es\/la-catedra-unesco-de-reservas-de-biosfera-atlanticas-busca-preservar-mejorar-la-calidad-de-vida-en-medio-rural.html","title":{"rendered":"La C\u00e1tedra UNESCO de Reservas de Biosfera Atl\u00e1nticas busca preservar mejorar la calidad de vida en medio rural"},"content":{"rendered":"<p><img decoding=\"async\" loading=\"lazy\" class=\"aligncenter size-full wp-image-7375 lazyload\" src=\"data:image\/gif;base64,R0lGODlhAQABAAAAACH5BAEKAAEALAAAAAABAAEAAAICTAEAOw==\" alt=\"\" width=\"1200\" height=\"800\" sizes=\"(max-width:767px) 480px, (max-width:1200px) 100vw, 1200px\" data-src=\"https:\/\/innova.campogalego.gal\/wp-content\/uploads\/2026\/01\/ibader.jpg\" data-srcset=\"https:\/\/innova.campogalego.gal\/wp-content\/uploads\/2026\/01\/ibader.jpg 1200w, https:\/\/innova.campogalego.gal\/wp-content\/uploads\/2026\/01\/ibader-300x200.jpg 300w, https:\/\/innova.campogalego.gal\/wp-content\/uploads\/2026\/01\/ibader-1024x683.jpg 1024w\"><br \/>\nLa C\u00e1tedra UNESCO de Reservas de Biosfera Atl\u00e1nticas se lanza como proyecto \u201cparticipativo y vivo\u201d, que ayude a \u201cpreservar nuestra Biodiversidad y que favorezca la mejora de calidad de vida en medio rural\u201d. Para eso emplear\u00e1 la Infraestructura Verde como una herramienta territorial integradora que acerque medidas y soluciones fuertes que garanticen el uso racional de los recursos naturales y contribuyan de forma eficaz a los retos globales derivados del cambio clim\u00e1tico y la despoblaci\u00f3n.<\/p>\n<p>As\u00ed define el profesor Pablo Ramil, director del Instituto de Biodiversidad Agraria y Desarrollo Rural (IBADER) esta nueva c\u00e1tedra institucional de la USC que fue presentada este jueves 15 en un acto presidido por el rector Antonio L\u00f3pez D\u00edaz y en el que tambi\u00e9n participaron la conselleira del Medio Rural, Mar\u00eda Jos\u00e9 G\u00f3mez Rodr\u00edguez, Paz Rodr\u00edguez Rivera, directora general de la Agencia Gallega de Desarrollo Rural (Agader), y Ana Gonz\u00e1lez Abelleira, concejala del \u00e1rea de Cohesi\u00f3n Social y Territorial.<\/p>\n<p>El rector explic\u00f3 que esta c\u00e1tedra \u201cnace como un proyecto humilde que fue creciendo hasta alcanzar una relevancia que hoy celebramos\u201d. En todo el Estado existen alrededor de 65 c\u00e1tedras UNESCO y ahora Lugo, el Campus Terra, \u201ccuenta con la primera de su historia\u201d. Para Antonio L\u00f3pez tiene \u201cun gran m\u00e9rito, que debemos poner en valor, contar con esta iniciativa que pone en el mapa de las c\u00e1tedras UNESCO a Lugo y el Campus #Terra\u201d.<\/p>\n<p><strong>Entendimiento mutuo e igualdad<\/strong><br \/>\nEn el a\u00f1o 2024, la Universidad de Santiago inici\u00f3 el proceso para la designaci\u00f3n de una C\u00e1tedra UNESCO adscrita al IBADER del Campus Terra. La propuesta, tras su evaluaci\u00f3n por un comit\u00e9 internacional de la UNESCO, fue finalmente aprobada en noviembre de 2025. Dicha C\u00e1tedra tiene una clara vocaci\u00f3n rural, con tres l\u00edneas de actuaci\u00f3n preferentes que coinciden con la Agenda Cient\u00edfica del IBADER y con los objetivos del Programa sobre el Hombre y la Biosfera de la Unesco: Biodiversidad, Infraestructura Verde y Desarrollo Rural.<\/p>\n<p>La C\u00e1tedra UNESCO de Reservas de Biosfera pretende abordar las cuatro \u00e1reas fundamentales de la misi\u00f3n de la UNESCO: Educaci\u00f3n (cursos de especializaci\u00f3n, apoyo a la educaci\u00f3n formal), Ciencias (Biodiversidad, Ciencias Agrarias, Desarrollo Rural), Cultura (Patrimonio Cultural Material e Inmaterial) y Comunicaci\u00f3n e Informaci\u00f3n (difusi\u00f3n, creaci\u00f3n de bases de datos e implementaci\u00f3n de mapas digitales en la web) en el marco de las Reservas de la Biosfera y dentro de sus redes tem\u00e1ticas. El \u00e1mbito territorial abarca la Regi\u00f3n Bioxeogr\u00e1fica Atl\u00e1ntica, impulsando la colaboraci\u00f3n con las Reservas de Biosfera de \u00c1frica, Am\u00e9rica y Europa, promoviendo el entendimiento mutuo, la igualdad de g\u00e9nero y un firme compromiso con las pr\u00e1cticas sostenibles.<\/p>\n<p>Tal y como se\u00f1ala Pablo Ramil, la C\u00e1tedra pretender adem\u00e1s \u201ccentrarse en identificar y evaluar los elementos y funciones clave que deben cumplir las Reservas de la Biosfera, al tiempo que las apoyar\u00e1 en la producci\u00f3n de informaci\u00f3n cient\u00edfica y t\u00e9cnica sobre su estructura y funcionamiento\u201d.<\/p>\n","protected":false},"excerpt":{"rendered":"<p>La C\u00e1tedra UNESCO de Reservas de Biosfera Atl\u00e1nticas se lanza como proyecto \u201cparticipativo y vivo\u201d, que ayude a \u201cpreservar nuestra Biodiversidad y que favorezca la mejora<span class=\"excerpt-hellip\"> [\u2026]<\/span><\/p>\n","protected":false},"author":15,"featured_media":7375,"comment_status":"open","ping_status":"open","sticky":false,"template":"","format":"standard","meta":{"footnotes":""},"categories":[92],"tags":[251,177],"acf":[],"yoast_head":"<!-- This site is optimized with the Yoast SEO plugin v21.2 - https:\/\/yoast.com\/wordpress\/plugins\/seo\/ -->\n<title>La C\u00e1tedra UNESCO de Reservas de Biosfera Atl\u00e1nticas busca preservar mejorar la calidad de vida en medio rural - Innova - Campo Galego<\/title>\n<meta name=\"robots\" content=\"index, follow, max-snippet:-1, max-image-preview:large, max-video-preview:-1\" \/>\n<link rel=\"canonical\" href=\"https:\/\/innova.campogalego.gal\/es\/campus-terra-es\/la-catedra-unesco-de-reservas-de-biosfera-atlanticas-busca-preservar-mejorar-la-calidad-de-vida-en-medio-rural.html\" \/>\n<meta property=\"og:locale\" content=\"es_ES\" \/>\n<meta property=\"og:type\" content=\"article\" \/>\n<meta property=\"og:title\" content=\"La C\u00e1tedra UNESCO de Reservas de Biosfera Atl\u00e1nticas busca preservar mejorar la calidad de vida en medio rural - Innova - Campo Galego\" \/>\n<meta property=\"og:description\" content=\"La C\u00e1tedra UNESCO de Reservas de Biosfera Atl\u00e1nticas se lanza como proyecto \u201cparticipativo y vivo\u201d, que ayude a \u201cpreservar nuestra Biodiversidad y que favorezca la mejora [\u2026]\" \/>\n<meta property=\"og:url\" content=\"https:\/\/innova.campogalego.gal\/es\/campus-terra-es\/la-catedra-unesco-de-reservas-de-biosfera-atlanticas-busca-preservar-mejorar-la-calidad-de-vida-en-medio-rural.html\" \/>\n<meta property=\"og:site_name\" content=\"Innova - Campo Galego\" \/>\n<meta property=\"article:published_time\" content=\"2026-01-22T18:40:15+00:00\" \/>\n<meta property=\"og:image\" content=\"https:\/\/innova.campogalego.gal\/wp-content\/uploads\/2026\/01\/ibader.jpg\" \/>\n\t<meta property=\"og:image:width\" content=\"1200\" \/>\n\t<meta property=\"og:image:height\" content=\"800\" \/>\n\t<meta property=\"og:image:type\" content=\"image\/jpeg\" \/>\n<meta name=\"author\" content=\"Noelia25\" \/>\n<meta name=\"twitter:card\" content=\"summary_large_image\" \/>\n<meta name=\"twitter:label1\" content=\"Escrito por\" \/>\n\t<meta name=\"twitter:data1\" content=\"Noelia25\" \/>\n\t<meta name=\"twitter:label2\" content=\"Tiempo de lectura\" \/>\n\t<meta name=\"twitter:data2\" content=\"3 minutos\" \/>\n<script type=\"application\/ld+json\" class=\"yoast-schema-graph\">{\"@context\":\"https:\/\/schema.org\",\"@graph\":[{\"@type\":\"WebPage\",\"@id\":\"https:\/\/innova.campogalego.gal\/es\/campus-terra-es\/la-catedra-unesco-de-reservas-de-biosfera-atlanticas-busca-preservar-mejorar-la-calidad-de-vida-en-medio-rural.html\",\"url\":\"https:\/\/innova.campogalego.gal\/es\/campus-terra-es\/la-catedra-unesco-de-reservas-de-biosfera-atlanticas-busca-preservar-mejorar-la-calidad-de-vida-en-medio-rural.html\",\"name\":\"La C\u00e1tedra UNESCO de Reservas de Biosfera Atl\u00e1nticas busca preservar mejorar la calidad de vida en medio rural - Innova - Campo Galego\",\"isPartOf\":{\"@id\":\"https:\/\/innova.campogalego.gal\/es#website\"},\"datePublished\":\"2026-01-22T18:40:15+00:00\",\"dateModified\":\"2026-01-22T18:40:15+00:00\",\"author\":{\"@id\":\"https:\/\/innova.campogalego.gal\/es#\/schema\/person\/cd08a65989847188ebe204d4a9431641\"},\"breadcrumb\":{\"@id\":\"https:\/\/innova.campogalego.gal\/es\/campus-terra-es\/la-catedra-unesco-de-reservas-de-biosfera-atlanticas-busca-preservar-mejorar-la-calidad-de-vida-en-medio-rural.html#breadcrumb\"},\"inLanguage\":\"es\",\"potentialAction\":[{\"@type\":\"ReadAction\",\"target\":[\"https:\/\/innova.campogalego.gal\/es\/campus-terra-es\/la-catedra-unesco-de-reservas-de-biosfera-atlanticas-busca-preservar-mejorar-la-calidad-de-vida-en-medio-rural.html\"]}]},{\"@type\":\"BreadcrumbList\",\"@id\":\"https:\/\/innova.campogalego.gal\/es\/campus-terra-es\/la-catedra-unesco-de-reservas-de-biosfera-atlanticas-busca-preservar-mejorar-la-calidad-de-vida-en-medio-rural.html#breadcrumb\",\"itemListElement\":[{\"@type\":\"ListItem\",\"position\":1,\"name\":\"Portada\",\"item\":\"https:\/\/innova.campogalego.gal\/es\"},{\"@type\":\"ListItem\",\"position\":2,\"name\":\"La C\u00e1tedra UNESCO de Reservas de Biosfera Atl\u00e1nticas busca preservar mejorar la calidad de vida en medio rural\"}]},{\"@type\":\"WebSite\",\"@id\":\"https:\/\/innova.campogalego.gal\/es#website\",\"url\":\"https:\/\/innova.campogalego.gal\/es\",\"name\":\"Innova - Campo Galego\",\"description\":\"\",\"potentialAction\":[{\"@type\":\"SearchAction\",\"target\":{\"@type\":\"EntryPoint\",\"urlTemplate\":\"https:\/\/innova.campogalego.gal\/es?s={search_term_string}\"},\"query-input\":\"required name=search_term_string\"}],\"inLanguage\":\"es\"},{\"@type\":\"Person\",\"@id\":\"https:\/\/innova.campogalego.gal\/es#\/schema\/person\/cd08a65989847188ebe204d4a9431641\",\"name\":\"Noelia25\",\"image\":{\"@type\":\"ImageObject\",\"inLanguage\":\"es\",\"@id\":\"https:\/\/innova.campogalego.gal\/es#\/schema\/person\/image\/\",\"url\":\"https:\/\/secure.gravatar.com\/avatar\/ee9b680586a9152b4bfe1a86eb3e2604?s=96&d=mm&r=g\",\"contentUrl\":\"https:\/\/secure.gravatar.com\/avatar\/ee9b680586a9152b4bfe1a86eb3e2604?s=96&d=mm&r=g\",\"caption\":\"Noelia25\"},\"url\":\"https:\/\/innova.campogalego.gal\/es\/author\/noelia25\"}]}<\/script>\n<!-- \/ Yoast SEO plugin. -->","yoast_head_json":{"title":"La C\u00e1tedra UNESCO de Reservas de Biosfera Atl\u00e1nticas busca preservar mejorar la calidad de vida en medio rural - Innova - Campo Galego","robots":{"index":"index","follow":"follow","max-snippet":"max-snippet:-1","max-image-preview":"max-image-preview:large","max-video-preview":"max-video-preview:-1"},"canonical":"https:\/\/innova.campogalego.gal\/es\/campus-terra-es\/la-catedra-unesco-de-reservas-de-biosfera-atlanticas-busca-preservar-mejorar-la-calidad-de-vida-en-medio-rural.html","og_locale":"es_ES","og_type":"article","og_title":"La C\u00e1tedra UNESCO de Reservas de Biosfera Atl\u00e1nticas busca preservar mejorar la calidad de vida en medio rural - Innova - Campo Galego","og_description":"La C\u00e1tedra UNESCO de Reservas de Biosfera Atl\u00e1nticas se lanza como proyecto \u201cparticipativo y vivo\u201d, que ayude a \u201cpreservar nuestra Biodiversidad y que favorezca la mejora [\u2026]","og_url":"https:\/\/innova.campogalego.gal\/es\/campus-terra-es\/la-catedra-unesco-de-reservas-de-biosfera-atlanticas-busca-preservar-mejorar-la-calidad-de-vida-en-medio-rural.html","og_site_name":"Innova - Campo Galego","article_published_time":"2026-01-22T18:40:15+00:00","og_image":[{"width":1200,"height":800,"url":"https:\/\/innova.campogalego.gal\/wp-content\/uploads\/2026\/01\/ibader.jpg","type":"image\/jpeg"}],"author":"Noelia25","twitter_card":"summary_large_image","twitter_misc":{"Escrito por":"Noelia25","Tiempo de lectura":"3 minutos"},"schema":{"@context":"https:\/\/schema.org","@graph":[{"@type":"WebPage","@id":"https:\/\/innova.campogalego.gal\/es\/campus-terra-es\/la-catedra-unesco-de-reservas-de-biosfera-atlanticas-busca-preservar-mejorar-la-calidad-de-vida-en-medio-rural.html","url":"https:\/\/innova.campogalego.gal\/es\/campus-terra-es\/la-catedra-unesco-de-reservas-de-biosfera-atlanticas-busca-preservar-mejorar-la-calidad-de-vida-en-medio-rural.html","name":"La C\u00e1tedra UNESCO de Reservas de Biosfera Atl\u00e1nticas busca preservar mejorar la calidad de vida en medio rural - Innova - Campo Galego","isPartOf":{"@id":"https:\/\/innova.campogalego.gal\/es#website"},"datePublished":"2026-01-22T18:40:15+00:00","dateModified":"2026-01-22T18:40:15+00:00","author":{"@id":"https:\/\/innova.campogalego.gal\/es#\/schema\/person\/cd08a65989847188ebe204d4a9431641"},"breadcrumb":{"@id":"https:\/\/innova.campogalego.gal\/es\/campus-terra-es\/la-catedra-unesco-de-reservas-de-biosfera-atlanticas-busca-preservar-mejorar-la-calidad-de-vida-en-medio-rural.html#breadcrumb"},"inLanguage":"es","potentialAction":[{"@type":"ReadAction","target":["https:\/\/innova.campogalego.gal\/es\/campus-terra-es\/la-catedra-unesco-de-reservas-de-biosfera-atlanticas-busca-preservar-mejorar-la-calidad-de-vida-en-medio-rural.html"]}]},{"@type":"BreadcrumbList","@id":"https:\/\/innova.campogalego.gal\/es\/campus-terra-es\/la-catedra-unesco-de-reservas-de-biosfera-atlanticas-busca-preservar-mejorar-la-calidad-de-vida-en-medio-rural.html#breadcrumb","itemListElement":[{"@type":"ListItem","position":1,"name":"Portada","item":"https:\/\/innova.campogalego.gal\/es"},{"@type":"ListItem","position":2,"name":"La C\u00e1tedra UNESCO de Reservas de Biosfera Atl\u00e1nticas busca preservar mejorar la calidad de vida en medio rural"}]},{"@type":"WebSite","@id":"https:\/\/innova.campogalego.gal\/es#website","url":"https:\/\/innova.campogalego.gal\/es","name":"Innova - Campo Galego","description":"","potentialAction":[{"@type":"SearchAction","target":{"@type":"EntryPoint","urlTemplate":"https:\/\/innova.campogalego.gal\/es?s={search_term_string}"},"query-input":"required name=search_term_string"}],"inLanguage":"es"},{"@type":"Person","@id":"https:\/\/innova.campogalego.gal\/es#\/schema\/person\/cd08a65989847188ebe204d4a9431641","name":"Noelia25","image":{"@type":"ImageObject","inLanguage":"es","@id":"https:\/\/innova.campogalego.gal\/es#\/schema\/person\/image\/","url":"https:\/\/secure.gravatar.com\/avatar\/ee9b680586a9152b4bfe1a86eb3e2604?s=96&d=mm&r=g","contentUrl":"https:\/\/secure.gravatar.com\/avatar\/ee9b680586a9152b4bfe1a86eb3e2604?s=96&d=mm&r=g","caption":"Noelia25"},"url":"https:\/\/innova.campogalego.gal\/es\/author\/noelia25"}]}},"_links":{"self":[{"href":"https:\/\/innova.campogalego.gal\/es\/wp-json\/wp\/v2\/posts\/7377"}],"collection":[{"href":"https:\/\/innova.campogalego.gal\/es\/wp-json\/wp\/v2\/posts"}],"about":[{"href":"https:\/\/innova.campogalego.gal\/es\/wp-json\/wp\/v2\/types\/post"}],"author":[{"embeddable":true,"href":"https:\/\/innova.campogalego.gal\/es\/wp-json\/wp\/v2\/users\/15"}],"replies":[{"embeddable":true,"href":"https:\/\/innova.campogalego.gal\/es\/wp-json\/wp\/v2\/comments?post=7377"}],"version-history":[{"count":2,"href":"https:\/\/innova.campogalego.gal\/es\/wp-json\/wp\/v2\/posts\/7377\/revisions"}],"predecessor-version":[{"id":7400,"href":"https:\/\/innova.campogalego.gal\/es\/wp-json\/wp\/v2\/posts\/7377\/revisions\/7400"}],"wp:featuredmedia":[{"embeddable":true,"href":"https:\/\/innova.campogalego.gal\/es\/wp-json\/wp\/v2\/media\/7375"}],"wp:attachment":[{"href":"https:\/\/innova.campogalego.gal\/es\/wp-json\/wp\/v2\/media?parent=7377"}],"wp:term":[{"taxonomy":"category","embeddable":true,"href":"https:\/\/innova.campogalego.gal\/es\/wp-json\/wp\/v2\/categories?post=7377"},{"taxonomy":"post_tag","embeddable":true,"href":"https:\/\/innova.campogalego.gal\/es\/wp-json\/wp\/v2\/tags?post=7377"}],"curies":[{"name":"wp","href":"https:\/\/api.w.org\/{rel}","templated":true}]}}