{"id":8006,"date":"2026-03-13T21:27:07","date_gmt":"2026-03-13T20:27:07","guid":{"rendered":"https:\/\/innova.campogalego.gal\/?p=8006"},"modified":"2026-03-13T21:27:07","modified_gmt":"2026-03-13T20:27:07","slug":"la-juventud-investigadora-puede-presentar-sus-resumenes-al-congreso-iberico","status":"publish","type":"post","link":"https:\/\/innova.campogalego.gal\/es\/campus-terra-es\/la-juventud-investigadora-puede-presentar-sus-resumenes-al-congreso-iberico.html","title":{"rendered":"La juventud investigadora puede presentar sus res\u00famenes al Congreso Ib\u00e9rico"},"content":{"rendered":"<p><img decoding=\"async\" loading=\"lazy\" src=\"data:image\/gif;base64,R0lGODlhAQABAAAAACH5BAEKAAEALAAAAAABAAEAAAICTAEAOw==\" alt=\"\" width=\"1200\" height=\"800\" class=\"aligncenter size-full wp-image-8004 lazyload\" sizes=\"(max-width:767px) 480px, (max-width:1200px) 100vw, 1200px\" data-src=\"https:\/\/innova.campogalego.gal\/wp-content\/uploads\/2026\/03\/lugo-02.jpg\" data-srcset=\"https:\/\/innova.campogalego.gal\/wp-content\/uploads\/2026\/03\/lugo-02.jpg 1200w, https:\/\/innova.campogalego.gal\/wp-content\/uploads\/2026\/03\/lugo-02-300x200.jpg 300w, https:\/\/innova.campogalego.gal\/wp-content\/uploads\/2026\/03\/lugo-02-1024x683.jpg 1024w\"><br \/>\nLa segunda edici\u00f3n del Congreso Ib\u00e9rico de Juventud Investigadora Campus Terra mantiene abierto hasta el d\u00eda 30 de junio el plazo para el env\u00edo de res\u00famenes. El evento se dirige a la juventud de la Universidad de Santiago de Compostela pero tambi\u00e9n a la de otras universidades, centros de investigaciones e instituciones. Pueden participar desde estudiantes de grado y m\u00e1ster, estudiantes predoctorales y nuevo personal investigador hasta interesados en compartir sus resultados de investigaci\u00f3n y ponerse en contacto con especialistas de otras \u00e1reas.<\/p>\n<p>Las personas interesadas en participar en este foro que se desarrollar\u00e1 los d\u00edas 21, 22 y 23 de octubre, mediante la presentaci\u00f3n de una comunicaci\u00f3n, deber\u00e1n enviar un resumen de su propuesta a trav\u00e9s del formulario habilitado en el web a la direcci\u00f3n de correo <strong><a href=\"mailto:congreso.mocidade@usc.gal\" rel=\"noopener\" target=\"_blank\">congreso.mocidade@usc.gal<\/a><\/strong>.<\/p>\n<p>\u201cEl principal objetivo de este Congreso es crear un ambiente de encuentro entre la juventud investigadora ib\u00e9rica, presentando sus investigaciones y en el que puedan surgir diversas colaboraciones\u201d, explican desde el Campus Terra de la USC. En paralelo, el congreso que lleva por lema \u2018Ra\u00edces del conocimiento\u2019 se convierte tambi\u00e9n en una reuni\u00f3n de iniciaci\u00f3n, divulgaci\u00f3n y formaci\u00f3n para las personas aspirantes, ya sea de grado o de m\u00e1ster, hacia el inicio o consolidaci\u00f3n de una carrera investigadora. \u201cLas informaciones y las experiencias compartidas son clave para aquellas personas que eligen el camino de la investigaci\u00f3n tras finalizar sus estudios universitarios\u201d, concluyen.<\/p>\n","protected":false},"excerpt":{"rendered":"<p>La segunda edici\u00f3n del Congreso Ib\u00e9rico de Juventud Investigadora Campus Terra mantiene abierto hasta el d\u00eda 30 de junio el plazo para el env\u00edo de res\u00famenes.<span class=\"excerpt-hellip\"> [\u2026]<\/span><\/p>\n","protected":false},"author":15,"featured_media":8004,"comment_status":"open","ping_status":"open","sticky":false,"template":"","format":"standard","meta":{"footnotes":""},"categories":[92],"tags":[238,257],"acf":[],"yoast_head":"<!-- This site is optimized with the Yoast SEO plugin v21.2 - https:\/\/yoast.com\/wordpress\/plugins\/seo\/ -->\n<title>La juventud investigadora puede presentar sus res\u00famenes al Congreso Ib\u00e9rico - Innova - Campo Galego<\/title>\n<meta name=\"robots\" content=\"index, follow, max-snippet:-1, max-image-preview:large, max-video-preview:-1\" \/>\n<link rel=\"canonical\" href=\"https:\/\/innova.campogalego.gal\/es\/campus-terra-es\/la-juventud-investigadora-puede-presentar-sus-resumenes-al-congreso-iberico.html\" \/>\n<meta property=\"og:locale\" content=\"es_ES\" \/>\n<meta property=\"og:type\" content=\"article\" \/>\n<meta property=\"og:title\" content=\"La juventud investigadora puede presentar sus res\u00famenes al Congreso Ib\u00e9rico - Innova - Campo Galego\" \/>\n<meta property=\"og:description\" content=\"La segunda edici\u00f3n del Congreso Ib\u00e9rico de Juventud Investigadora Campus Terra mantiene abierto hasta el d\u00eda 30 de junio el plazo para el env\u00edo de res\u00famenes. [\u2026]\" \/>\n<meta property=\"og:url\" content=\"https:\/\/innova.campogalego.gal\/es\/campus-terra-es\/la-juventud-investigadora-puede-presentar-sus-resumenes-al-congreso-iberico.html\" \/>\n<meta property=\"og:site_name\" content=\"Innova - Campo Galego\" \/>\n<meta property=\"article:published_time\" content=\"2026-03-13T20:27:07+00:00\" \/>\n<meta property=\"og:image\" content=\"https:\/\/innova.campogalego.gal\/wp-content\/uploads\/2026\/03\/lugo-02.jpg\" \/>\n\t<meta property=\"og:image:width\" content=\"1200\" \/>\n\t<meta property=\"og:image:height\" content=\"800\" \/>\n\t<meta property=\"og:image:type\" content=\"image\/jpeg\" \/>\n<meta name=\"author\" content=\"Noelia25\" \/>\n<meta name=\"twitter:card\" content=\"summary_large_image\" \/>\n<meta name=\"twitter:label1\" content=\"Escrito por\" \/>\n\t<meta name=\"twitter:data1\" content=\"Noelia25\" \/>\n\t<meta name=\"twitter:label2\" content=\"Tiempo de lectura\" \/>\n\t<meta name=\"twitter:data2\" content=\"2 minutos\" \/>\n<script type=\"application\/ld+json\" class=\"yoast-schema-graph\">{\"@context\":\"https:\/\/schema.org\",\"@graph\":[{\"@type\":\"WebPage\",\"@id\":\"https:\/\/innova.campogalego.gal\/es\/campus-terra-es\/la-juventud-investigadora-puede-presentar-sus-resumenes-al-congreso-iberico.html\",\"url\":\"https:\/\/innova.campogalego.gal\/es\/campus-terra-es\/la-juventud-investigadora-puede-presentar-sus-resumenes-al-congreso-iberico.html\",\"name\":\"La juventud investigadora puede presentar sus res\u00famenes al Congreso Ib\u00e9rico - Innova - Campo Galego\",\"isPartOf\":{\"@id\":\"https:\/\/innova.campogalego.gal\/es#website\"},\"datePublished\":\"2026-03-13T20:27:07+00:00\",\"dateModified\":\"2026-03-13T20:27:07+00:00\",\"author\":{\"@id\":\"https:\/\/innova.campogalego.gal\/es#\/schema\/person\/cd08a65989847188ebe204d4a9431641\"},\"breadcrumb\":{\"@id\":\"https:\/\/innova.campogalego.gal\/es\/campus-terra-es\/la-juventud-investigadora-puede-presentar-sus-resumenes-al-congreso-iberico.html#breadcrumb\"},\"inLanguage\":\"es\",\"potentialAction\":[{\"@type\":\"ReadAction\",\"target\":[\"https:\/\/innova.campogalego.gal\/es\/campus-terra-es\/la-juventud-investigadora-puede-presentar-sus-resumenes-al-congreso-iberico.html\"]}]},{\"@type\":\"BreadcrumbList\",\"@id\":\"https:\/\/innova.campogalego.gal\/es\/campus-terra-es\/la-juventud-investigadora-puede-presentar-sus-resumenes-al-congreso-iberico.html#breadcrumb\",\"itemListElement\":[{\"@type\":\"ListItem\",\"position\":1,\"name\":\"Portada\",\"item\":\"https:\/\/innova.campogalego.gal\/es\"},{\"@type\":\"ListItem\",\"position\":2,\"name\":\"La juventud investigadora puede presentar sus res\u00famenes al Congreso Ib\u00e9rico\"}]},{\"@type\":\"WebSite\",\"@id\":\"https:\/\/innova.campogalego.gal\/es#website\",\"url\":\"https:\/\/innova.campogalego.gal\/es\",\"name\":\"Innova - Campo Galego\",\"description\":\"\",\"potentialAction\":[{\"@type\":\"SearchAction\",\"target\":{\"@type\":\"EntryPoint\",\"urlTemplate\":\"https:\/\/innova.campogalego.gal\/es?s={search_term_string}\"},\"query-input\":\"required name=search_term_string\"}],\"inLanguage\":\"es\"},{\"@type\":\"Person\",\"@id\":\"https:\/\/innova.campogalego.gal\/es#\/schema\/person\/cd08a65989847188ebe204d4a9431641\",\"name\":\"Noelia25\",\"image\":{\"@type\":\"ImageObject\",\"inLanguage\":\"es\",\"@id\":\"https:\/\/innova.campogalego.gal\/es#\/schema\/person\/image\/\",\"url\":\"https:\/\/secure.gravatar.com\/avatar\/ee9b680586a9152b4bfe1a86eb3e2604?s=96&d=mm&r=g\",\"contentUrl\":\"https:\/\/secure.gravatar.com\/avatar\/ee9b680586a9152b4bfe1a86eb3e2604?s=96&d=mm&r=g\",\"caption\":\"Noelia25\"},\"url\":\"https:\/\/innova.campogalego.gal\/es\/author\/noelia25\"}]}<\/script>\n<!-- \/ Yoast SEO plugin. -->","yoast_head_json":{"title":"La juventud investigadora puede presentar sus res\u00famenes al Congreso Ib\u00e9rico - Innova - Campo Galego","robots":{"index":"index","follow":"follow","max-snippet":"max-snippet:-1","max-image-preview":"max-image-preview:large","max-video-preview":"max-video-preview:-1"},"canonical":"https:\/\/innova.campogalego.gal\/es\/campus-terra-es\/la-juventud-investigadora-puede-presentar-sus-resumenes-al-congreso-iberico.html","og_locale":"es_ES","og_type":"article","og_title":"La juventud investigadora puede presentar sus res\u00famenes al Congreso Ib\u00e9rico - Innova - Campo Galego","og_description":"La segunda edici\u00f3n del Congreso Ib\u00e9rico de Juventud Investigadora Campus Terra mantiene abierto hasta el d\u00eda 30 de junio el plazo para el env\u00edo de res\u00famenes. [\u2026]","og_url":"https:\/\/innova.campogalego.gal\/es\/campus-terra-es\/la-juventud-investigadora-puede-presentar-sus-resumenes-al-congreso-iberico.html","og_site_name":"Innova - Campo Galego","article_published_time":"2026-03-13T20:27:07+00:00","og_image":[{"width":1200,"height":800,"url":"https:\/\/innova.campogalego.gal\/wp-content\/uploads\/2026\/03\/lugo-02.jpg","type":"image\/jpeg"}],"author":"Noelia25","twitter_card":"summary_large_image","twitter_misc":{"Escrito por":"Noelia25","Tiempo de lectura":"2 minutos"},"schema":{"@context":"https:\/\/schema.org","@graph":[{"@type":"WebPage","@id":"https:\/\/innova.campogalego.gal\/es\/campus-terra-es\/la-juventud-investigadora-puede-presentar-sus-resumenes-al-congreso-iberico.html","url":"https:\/\/innova.campogalego.gal\/es\/campus-terra-es\/la-juventud-investigadora-puede-presentar-sus-resumenes-al-congreso-iberico.html","name":"La juventud investigadora puede presentar sus res\u00famenes al Congreso Ib\u00e9rico - Innova - Campo Galego","isPartOf":{"@id":"https:\/\/innova.campogalego.gal\/es#website"},"datePublished":"2026-03-13T20:27:07+00:00","dateModified":"2026-03-13T20:27:07+00:00","author":{"@id":"https:\/\/innova.campogalego.gal\/es#\/schema\/person\/cd08a65989847188ebe204d4a9431641"},"breadcrumb":{"@id":"https:\/\/innova.campogalego.gal\/es\/campus-terra-es\/la-juventud-investigadora-puede-presentar-sus-resumenes-al-congreso-iberico.html#breadcrumb"},"inLanguage":"es","potentialAction":[{"@type":"ReadAction","target":["https:\/\/innova.campogalego.gal\/es\/campus-terra-es\/la-juventud-investigadora-puede-presentar-sus-resumenes-al-congreso-iberico.html"]}]},{"@type":"BreadcrumbList","@id":"https:\/\/innova.campogalego.gal\/es\/campus-terra-es\/la-juventud-investigadora-puede-presentar-sus-resumenes-al-congreso-iberico.html#breadcrumb","itemListElement":[{"@type":"ListItem","position":1,"name":"Portada","item":"https:\/\/innova.campogalego.gal\/es"},{"@type":"ListItem","position":2,"name":"La juventud investigadora puede presentar sus res\u00famenes al Congreso Ib\u00e9rico"}]},{"@type":"WebSite","@id":"https:\/\/innova.campogalego.gal\/es#website","url":"https:\/\/innova.campogalego.gal\/es","name":"Innova - Campo Galego","description":"","potentialAction":[{"@type":"SearchAction","target":{"@type":"EntryPoint","urlTemplate":"https:\/\/innova.campogalego.gal\/es?s={search_term_string}"},"query-input":"required name=search_term_string"}],"inLanguage":"es"},{"@type":"Person","@id":"https:\/\/innova.campogalego.gal\/es#\/schema\/person\/cd08a65989847188ebe204d4a9431641","name":"Noelia25","image":{"@type":"ImageObject","inLanguage":"es","@id":"https:\/\/innova.campogalego.gal\/es#\/schema\/person\/image\/","url":"https:\/\/secure.gravatar.com\/avatar\/ee9b680586a9152b4bfe1a86eb3e2604?s=96&d=mm&r=g","contentUrl":"https:\/\/secure.gravatar.com\/avatar\/ee9b680586a9152b4bfe1a86eb3e2604?s=96&d=mm&r=g","caption":"Noelia25"},"url":"https:\/\/innova.campogalego.gal\/es\/author\/noelia25"}]}},"_links":{"self":[{"href":"https:\/\/innova.campogalego.gal\/es\/wp-json\/wp\/v2\/posts\/8006"}],"collection":[{"href":"https:\/\/innova.campogalego.gal\/es\/wp-json\/wp\/v2\/posts"}],"about":[{"href":"https:\/\/innova.campogalego.gal\/es\/wp-json\/wp\/v2\/types\/post"}],"author":[{"embeddable":true,"href":"https:\/\/innova.campogalego.gal\/es\/wp-json\/wp\/v2\/users\/15"}],"replies":[{"embeddable":true,"href":"https:\/\/innova.campogalego.gal\/es\/wp-json\/wp\/v2\/comments?post=8006"}],"version-history":[{"count":1,"href":"https:\/\/innova.campogalego.gal\/es\/wp-json\/wp\/v2\/posts\/8006\/revisions"}],"predecessor-version":[{"id":8007,"href":"https:\/\/innova.campogalego.gal\/es\/wp-json\/wp\/v2\/posts\/8006\/revisions\/8007"}],"wp:featuredmedia":[{"embeddable":true,"href":"https:\/\/innova.campogalego.gal\/es\/wp-json\/wp\/v2\/media\/8004"}],"wp:attachment":[{"href":"https:\/\/innova.campogalego.gal\/es\/wp-json\/wp\/v2\/media?parent=8006"}],"wp:term":[{"taxonomy":"category","embeddable":true,"href":"https:\/\/innova.campogalego.gal\/es\/wp-json\/wp\/v2\/categories?post=8006"},{"taxonomy":"post_tag","embeddable":true,"href":"https:\/\/innova.campogalego.gal\/es\/wp-json\/wp\/v2\/tags?post=8006"}],"curies":[{"name":"wp","href":"https:\/\/api.w.org\/{rel}","templated":true}]}}