{"id":8013,"date":"2026-03-13T21:26:13","date_gmt":"2026-03-13T20:26:13","guid":{"rendered":"https:\/\/innova.campogalego.gal\/?p=8013"},"modified":"2026-03-13T21:26:13","modified_gmt":"2026-03-13T20:26:13","slug":"agroclimaia-ofrece-datos-climaticos-aplicables-a-comarcas-agricolas-de-ourense","status":"publish","type":"post","link":"https:\/\/innova.campogalego.gal\/es\/vina-es\/agroclimaia-ofrece-datos-climaticos-aplicables-a-comarcas-agricolas-de-ourense.html","title":{"rendered":"AgroClimaIA ofrece datos clim\u00e1ticos aplicables a comarcas agr\u00edcolas de Ourense"},"content":{"rendered":"<p><div id=\"attachment_5342\" style=\"width: 1210px\" class=\"wp-caption aligncenter\"><img aria-describedby=\"caption-attachment-5342\" decoding=\"async\" loading=\"lazy\" src=\"data:image\/gif;base64,R0lGODlhAQABAAAAACH5BAEKAAEALAAAAAABAAEAAAICTAEAOw==\" alt=\"\" width=\"1200\" height=\"800\" class=\"size-full wp-image-5342 lazyload\" sizes=\"(max-width:767px) 480px, (max-width:1200px) 100vw, 1200px\" data-src=\"https:\/\/innova.campogalego.gal\/wp-content\/uploads\/2025\/01\/vinhedo-poda-arquivo.jpg\" data-srcset=\"https:\/\/innova.campogalego.gal\/wp-content\/uploads\/2025\/01\/vinhedo-poda-arquivo.jpg 1200w, https:\/\/innova.campogalego.gal\/wp-content\/uploads\/2025\/01\/vinhedo-poda-arquivo-300x200.jpg 300w, https:\/\/innova.campogalego.gal\/wp-content\/uploads\/2025\/01\/vinhedo-poda-arquivo-1024x683.jpg 1024w\"><p id=\"caption-attachment-5342\" class=\"wp-caption-text\">Imagen de archivo<\/p><\/div><br \/>\nEn el grupo Environmental Physics Laboratory (EPhysLab-CIM UVigo) viene de desarrollarse un proyecto que ofrece datos clim\u00e1ticos de alta resoluci\u00f3n aplicables a comarcas agr\u00edcolas estrat\u00e9gicas de la provincia de Ourense. AgroClimaIA fue realizado por un equipo encabezado por Diego Fern\u00e1ndez, personal docente e investigador de la Facultad de Ciencias y del Campus Agua, y completado por Beatriz Arguil\u00e9 y Mar\u00eda Teresa de Castro.<\/p>\n<p>El proyecto estuvo orientado a proporcionar datos clim\u00e1ticos de alta resoluci\u00f3n aplicables a comarcas agr\u00edcolas estrat\u00e9gicas de la provincia de Ourense, centr\u00e1ndose espec\u00edficamente en dos sectores de especial relevancia socioecon\u00f3mica: el cultivo de la patata y el sector vitivin\u00edcola. Se seleccionaron como casos de estudio la comarca de A Limia, para el cultivo de la patata, y la comarca de O Ribeiro, para el sector vitivin\u00edcola, por ser localizaciones altamente representativas dentro de la provincia de Ourense. En el caso de la patata, se ampli\u00f3 adem\u00e1s el an\u00e1lisis a la comarca de Berganti\u00f1os, por su relevancia en el contexto gallego.<\/p>\n<p>En el estudio se desarroll\u00f3 \u201cuna metodolog\u00eda combinada de t\u00e9cnicas de bajada de escala, aplicaci\u00f3n de m\u00e9todos de inteligencia artificial, as\u00ed como procedimientos de correcci\u00f3n de desviaciones, que permiti\u00f3 generar series clim\u00e1ticas de alta fidelidad espacial y temporal capaces de capturar la variabilidad local\u201d. <\/p>\n<p>Para la patata se seleccionaron las variables de temperatura y humedad relativa a escala horaria, mientras que para el sector vitivin\u00edcola se consideraron la temperatura media, m\u00ednima y m\u00e1xima diarias, as\u00ed como la precipitaci\u00f3n. \u201cEl an\u00e1lisis de estas variables permite evaluar tanto los \u00edndices de maduraci\u00f3n como el riesgo de p\u00e9rdidas de producci\u00f3n asociadas a la superaci\u00f3n de determinados umbrales\u201d, se\u00f1ala Diego Fern\u00e1ndez.<\/p>\n<blockquote><p>En el proyecto se integraron t\u00e9cnicas de inteligencia artificial, en particular redes neuronales, que permitieron corregir y adaptar los datos a las condiciones locales<\/p><\/blockquote>\n<p>Los datos resultantes incluyen tanto un per\u00edodo hist\u00f3rico de referencia (1985-2014) como proyecciones futuras (2030-2059) y permiten su integraci\u00f3n en los modelos agron\u00f3micos espec\u00edficos de cada cultivo, \u201cfavoreciendo una agricultura de precisi\u00f3n orientada a la optimizaci\u00f3n de la gesti\u00f3n de los recursos naturales, a la adaptaci\u00f3n a los escenarios clim\u00e1ticos futuros y a la reducci\u00f3n del impacto ambiental\u201d.<\/p>\n<p>Los an\u00e1lisis realizados indicaron que, especialmente en el caso de la patata, donde es necesario tener una buena representatividad a escala horaria, la mejora de la resoluci\u00f3n espacial no resultaba suficiente para reproducir adecuadamente la variabilidad temporal de ciertas variables, con cambios que pueden producirse en escalas de pocas horas.<br \/>\n<img decoding=\"async\" loading=\"lazy\" src=\"data:image\/gif;base64,R0lGODlhAQABAAAAACH5BAEKAAEALAAAAAABAAEAAAICTAEAOw==\" alt=\"\" width=\"1400\" height=\"787\" class=\"aligncenter size-full wp-image-8011 lazyload\" sizes=\"(max-width:767px) 480px, (max-width:1400px) 100vw, 1400px\" data-src=\"https:\/\/innova.campogalego.gal\/wp-content\/uploads\/2026\/03\/clima3.jpg\" data-srcset=\"https:\/\/innova.campogalego.gal\/wp-content\/uploads\/2026\/03\/clima3.jpg 1400w, https:\/\/innova.campogalego.gal\/wp-content\/uploads\/2026\/03\/clima3-300x169.jpg 300w, https:\/\/innova.campogalego.gal\/wp-content\/uploads\/2026\/03\/clima3-1024x576.jpg 1024w, https:\/\/innova.campogalego.gal\/wp-content\/uploads\/2026\/03\/clima3-1200x675.jpg 1200w\"><br \/>\nPara superar esta limitaci\u00f3n, en el proyecto se integraron t\u00e9cnicas de inteligencia artificial, en particular redes neuronales, que permitieron corregir y adaptar los datos a las condiciones locales, mejorando su representatividad. En el sector vitivin\u00edcola fue necesario aplicar un procedimiento de correcci\u00f3n de desviaciones que optimiz\u00f3 la reproducci\u00f3n de valores medios y extremos, manteniendo la variabilidad clim\u00e1tica. <\/p>\n<p>Finalmente, los datos resultantes del proyecto fueron estructurados en un formato est\u00e1ndar y puestos a disposici\u00f3n p\u00fablica a trav\u00e9s de una <strong><a href=\"https:\/\/ephyslab.uvigo.es\/AgroClimaIA\/\" rel=\"noopener\" target=\"_blank\">plataforma web<\/a><\/strong> espec\u00edfica del proyecto, facilitando su consulta y descarga por parte de personal investigador, productores y administraciones interesadas.<\/p>\n<p>Se trata de una de las iniciativas beneficiarias de la convocatoria a proyectos del personal investigador en la etapa de formaci\u00f3n postdoctoral del campus de Ourense (Inou+PosDou Campus Agua 2025), financiada al amparo del convenio de colaboraci\u00f3n entre la Conseller\u00eda de Educaci\u00f3n, Ciencia, Universidades y Formaci\u00f3n Profesional y la Universidad de Vigo para el desarrollo de acciones estrat\u00e9gicas en el Campus Agua (2024-2027). <\/p>\n","protected":false},"excerpt":{"rendered":"<p>En el grupo Environmental Physics Laboratory (EPhysLab-CIM UVigo) viene de desarrollarse un proyecto que ofrece datos clim\u00e1ticos de alta resoluci\u00f3n aplicables a comarcas agr\u00edcolas estrat\u00e9gicas de<span class=\"excerpt-hellip\"> [\u2026]<\/span><\/p>\n","protected":false},"author":15,"featured_media":5342,"comment_status":"open","ping_status":"open","sticky":false,"template":"","format":"standard","meta":{"footnotes":""},"categories":[91],"tags":[464,235,435],"acf":[],"yoast_head":"<!-- This site is optimized with the Yoast SEO plugin v21.2 - https:\/\/yoast.com\/wordpress\/plugins\/seo\/ -->\n<title>AgroClimaIA ofrece datos clim\u00e1ticos aplicables a comarcas agr\u00edcolas de Ourense - Innova - Campo Galego<\/title>\n<meta name=\"robots\" content=\"index, follow, max-snippet:-1, max-image-preview:large, max-video-preview:-1\" \/>\n<link rel=\"canonical\" href=\"https:\/\/innova.campogalego.gal\/es\/vina-es\/agroclimaia-ofrece-datos-climaticos-aplicables-a-comarcas-agricolas-de-ourense.html\" \/>\n<meta property=\"og:locale\" content=\"es_ES\" \/>\n<meta property=\"og:type\" content=\"article\" \/>\n<meta property=\"og:title\" content=\"AgroClimaIA ofrece datos clim\u00e1ticos aplicables a comarcas agr\u00edcolas de Ourense - Innova - Campo Galego\" \/>\n<meta property=\"og:description\" content=\"En el grupo Environmental Physics Laboratory (EPhysLab-CIM UVigo) viene de desarrollarse un proyecto que ofrece datos clim\u00e1ticos de alta resoluci\u00f3n aplicables a comarcas agr\u00edcolas estrat\u00e9gicas de [\u2026]\" \/>\n<meta property=\"og:url\" content=\"https:\/\/innova.campogalego.gal\/es\/vina-es\/agroclimaia-ofrece-datos-climaticos-aplicables-a-comarcas-agricolas-de-ourense.html\" \/>\n<meta property=\"og:site_name\" content=\"Innova - Campo Galego\" \/>\n<meta property=\"article:published_time\" content=\"2026-03-13T20:26:13+00:00\" \/>\n<meta property=\"og:image\" content=\"https:\/\/innova.campogalego.gal\/wp-content\/uploads\/2025\/01\/vinhedo-poda-arquivo.jpg\" \/>\n\t<meta property=\"og:image:width\" content=\"1200\" \/>\n\t<meta property=\"og:image:height\" content=\"800\" \/>\n\t<meta property=\"og:image:type\" content=\"image\/jpeg\" \/>\n<meta name=\"author\" content=\"Noelia25\" \/>\n<meta name=\"twitter:card\" content=\"summary_large_image\" \/>\n<meta name=\"twitter:label1\" content=\"Escrito por\" \/>\n\t<meta name=\"twitter:data1\" content=\"Noelia25\" \/>\n\t<meta name=\"twitter:label2\" content=\"Tiempo de lectura\" \/>\n\t<meta name=\"twitter:data2\" content=\"4 minutos\" \/>\n<script type=\"application\/ld+json\" class=\"yoast-schema-graph\">{\"@context\":\"https:\/\/schema.org\",\"@graph\":[{\"@type\":\"WebPage\",\"@id\":\"https:\/\/innova.campogalego.gal\/es\/vina-es\/agroclimaia-ofrece-datos-climaticos-aplicables-a-comarcas-agricolas-de-ourense.html\",\"url\":\"https:\/\/innova.campogalego.gal\/es\/vina-es\/agroclimaia-ofrece-datos-climaticos-aplicables-a-comarcas-agricolas-de-ourense.html\",\"name\":\"AgroClimaIA ofrece datos clim\u00e1ticos aplicables a comarcas agr\u00edcolas de Ourense - Innova - Campo Galego\",\"isPartOf\":{\"@id\":\"https:\/\/innova.campogalego.gal\/es#website\"},\"datePublished\":\"2026-03-13T20:26:13+00:00\",\"dateModified\":\"2026-03-13T20:26:13+00:00\",\"author\":{\"@id\":\"https:\/\/innova.campogalego.gal\/es#\/schema\/person\/cd08a65989847188ebe204d4a9431641\"},\"breadcrumb\":{\"@id\":\"https:\/\/innova.campogalego.gal\/es\/vina-es\/agroclimaia-ofrece-datos-climaticos-aplicables-a-comarcas-agricolas-de-ourense.html#breadcrumb\"},\"inLanguage\":\"es\",\"potentialAction\":[{\"@type\":\"ReadAction\",\"target\":[\"https:\/\/innova.campogalego.gal\/es\/vina-es\/agroclimaia-ofrece-datos-climaticos-aplicables-a-comarcas-agricolas-de-ourense.html\"]}]},{\"@type\":\"BreadcrumbList\",\"@id\":\"https:\/\/innova.campogalego.gal\/es\/vina-es\/agroclimaia-ofrece-datos-climaticos-aplicables-a-comarcas-agricolas-de-ourense.html#breadcrumb\",\"itemListElement\":[{\"@type\":\"ListItem\",\"position\":1,\"name\":\"Portada\",\"item\":\"https:\/\/innova.campogalego.gal\/es\"},{\"@type\":\"ListItem\",\"position\":2,\"name\":\"AgroClimaIA ofrece datos clim\u00e1ticos aplicables a comarcas agr\u00edcolas de Ourense\"}]},{\"@type\":\"WebSite\",\"@id\":\"https:\/\/innova.campogalego.gal\/es#website\",\"url\":\"https:\/\/innova.campogalego.gal\/es\",\"name\":\"Innova - Campo Galego\",\"description\":\"\",\"potentialAction\":[{\"@type\":\"SearchAction\",\"target\":{\"@type\":\"EntryPoint\",\"urlTemplate\":\"https:\/\/innova.campogalego.gal\/es?s={search_term_string}\"},\"query-input\":\"required name=search_term_string\"}],\"inLanguage\":\"es\"},{\"@type\":\"Person\",\"@id\":\"https:\/\/innova.campogalego.gal\/es#\/schema\/person\/cd08a65989847188ebe204d4a9431641\",\"name\":\"Noelia25\",\"image\":{\"@type\":\"ImageObject\",\"inLanguage\":\"es\",\"@id\":\"https:\/\/innova.campogalego.gal\/es#\/schema\/person\/image\/\",\"url\":\"https:\/\/secure.gravatar.com\/avatar\/ee9b680586a9152b4bfe1a86eb3e2604?s=96&d=mm&r=g\",\"contentUrl\":\"https:\/\/secure.gravatar.com\/avatar\/ee9b680586a9152b4bfe1a86eb3e2604?s=96&d=mm&r=g\",\"caption\":\"Noelia25\"},\"url\":\"https:\/\/innova.campogalego.gal\/es\/author\/noelia25\"}]}<\/script>\n<!-- \/ Yoast SEO plugin. -->","yoast_head_json":{"title":"AgroClimaIA ofrece datos clim\u00e1ticos aplicables a comarcas agr\u00edcolas de Ourense - Innova - Campo Galego","robots":{"index":"index","follow":"follow","max-snippet":"max-snippet:-1","max-image-preview":"max-image-preview:large","max-video-preview":"max-video-preview:-1"},"canonical":"https:\/\/innova.campogalego.gal\/es\/vina-es\/agroclimaia-ofrece-datos-climaticos-aplicables-a-comarcas-agricolas-de-ourense.html","og_locale":"es_ES","og_type":"article","og_title":"AgroClimaIA ofrece datos clim\u00e1ticos aplicables a comarcas agr\u00edcolas de Ourense - Innova - Campo Galego","og_description":"En el grupo Environmental Physics Laboratory (EPhysLab-CIM UVigo) viene de desarrollarse un proyecto que ofrece datos clim\u00e1ticos de alta resoluci\u00f3n aplicables a comarcas agr\u00edcolas estrat\u00e9gicas de [\u2026]","og_url":"https:\/\/innova.campogalego.gal\/es\/vina-es\/agroclimaia-ofrece-datos-climaticos-aplicables-a-comarcas-agricolas-de-ourense.html","og_site_name":"Innova - Campo Galego","article_published_time":"2026-03-13T20:26:13+00:00","og_image":[{"width":1200,"height":800,"url":"https:\/\/innova.campogalego.gal\/wp-content\/uploads\/2025\/01\/vinhedo-poda-arquivo.jpg","type":"image\/jpeg"}],"author":"Noelia25","twitter_card":"summary_large_image","twitter_misc":{"Escrito por":"Noelia25","Tiempo de lectura":"4 minutos"},"schema":{"@context":"https:\/\/schema.org","@graph":[{"@type":"WebPage","@id":"https:\/\/innova.campogalego.gal\/es\/vina-es\/agroclimaia-ofrece-datos-climaticos-aplicables-a-comarcas-agricolas-de-ourense.html","url":"https:\/\/innova.campogalego.gal\/es\/vina-es\/agroclimaia-ofrece-datos-climaticos-aplicables-a-comarcas-agricolas-de-ourense.html","name":"AgroClimaIA ofrece datos clim\u00e1ticos aplicables a comarcas agr\u00edcolas de Ourense - Innova - Campo Galego","isPartOf":{"@id":"https:\/\/innova.campogalego.gal\/es#website"},"datePublished":"2026-03-13T20:26:13+00:00","dateModified":"2026-03-13T20:26:13+00:00","author":{"@id":"https:\/\/innova.campogalego.gal\/es#\/schema\/person\/cd08a65989847188ebe204d4a9431641"},"breadcrumb":{"@id":"https:\/\/innova.campogalego.gal\/es\/vina-es\/agroclimaia-ofrece-datos-climaticos-aplicables-a-comarcas-agricolas-de-ourense.html#breadcrumb"},"inLanguage":"es","potentialAction":[{"@type":"ReadAction","target":["https:\/\/innova.campogalego.gal\/es\/vina-es\/agroclimaia-ofrece-datos-climaticos-aplicables-a-comarcas-agricolas-de-ourense.html"]}]},{"@type":"BreadcrumbList","@id":"https:\/\/innova.campogalego.gal\/es\/vina-es\/agroclimaia-ofrece-datos-climaticos-aplicables-a-comarcas-agricolas-de-ourense.html#breadcrumb","itemListElement":[{"@type":"ListItem","position":1,"name":"Portada","item":"https:\/\/innova.campogalego.gal\/es"},{"@type":"ListItem","position":2,"name":"AgroClimaIA ofrece datos clim\u00e1ticos aplicables a comarcas agr\u00edcolas de Ourense"}]},{"@type":"WebSite","@id":"https:\/\/innova.campogalego.gal\/es#website","url":"https:\/\/innova.campogalego.gal\/es","name":"Innova - Campo Galego","description":"","potentialAction":[{"@type":"SearchAction","target":{"@type":"EntryPoint","urlTemplate":"https:\/\/innova.campogalego.gal\/es?s={search_term_string}"},"query-input":"required name=search_term_string"}],"inLanguage":"es"},{"@type":"Person","@id":"https:\/\/innova.campogalego.gal\/es#\/schema\/person\/cd08a65989847188ebe204d4a9431641","name":"Noelia25","image":{"@type":"ImageObject","inLanguage":"es","@id":"https:\/\/innova.campogalego.gal\/es#\/schema\/person\/image\/","url":"https:\/\/secure.gravatar.com\/avatar\/ee9b680586a9152b4bfe1a86eb3e2604?s=96&d=mm&r=g","contentUrl":"https:\/\/secure.gravatar.com\/avatar\/ee9b680586a9152b4bfe1a86eb3e2604?s=96&d=mm&r=g","caption":"Noelia25"},"url":"https:\/\/innova.campogalego.gal\/es\/author\/noelia25"}]}},"_links":{"self":[{"href":"https:\/\/innova.campogalego.gal\/es\/wp-json\/wp\/v2\/posts\/8013"}],"collection":[{"href":"https:\/\/innova.campogalego.gal\/es\/wp-json\/wp\/v2\/posts"}],"about":[{"href":"https:\/\/innova.campogalego.gal\/es\/wp-json\/wp\/v2\/types\/post"}],"author":[{"embeddable":true,"href":"https:\/\/innova.campogalego.gal\/es\/wp-json\/wp\/v2\/users\/15"}],"replies":[{"embeddable":true,"href":"https:\/\/innova.campogalego.gal\/es\/wp-json\/wp\/v2\/comments?post=8013"}],"version-history":[{"count":2,"href":"https:\/\/innova.campogalego.gal\/es\/wp-json\/wp\/v2\/posts\/8013\/revisions"}],"predecessor-version":[{"id":8017,"href":"https:\/\/innova.campogalego.gal\/es\/wp-json\/wp\/v2\/posts\/8013\/revisions\/8017"}],"wp:featuredmedia":[{"embeddable":true,"href":"https:\/\/innova.campogalego.gal\/es\/wp-json\/wp\/v2\/media\/5342"}],"wp:attachment":[{"href":"https:\/\/innova.campogalego.gal\/es\/wp-json\/wp\/v2\/media?parent=8013"}],"wp:term":[{"taxonomy":"category","embeddable":true,"href":"https:\/\/innova.campogalego.gal\/es\/wp-json\/wp\/v2\/categories?post=8013"},{"taxonomy":"post_tag","embeddable":true,"href":"https:\/\/innova.campogalego.gal\/es\/wp-json\/wp\/v2\/tags?post=8013"}],"curies":[{"name":"wp","href":"https:\/\/api.w.org\/{rel}","templated":true}]}}