{"id":811,"date":"2023-10-18T13:33:32","date_gmt":"2023-10-18T11:33:32","guid":{"rendered":"https:\/\/innova.campogalego.gal\/?p=811"},"modified":"2023-10-26T13:12:04","modified_gmt":"2023-10-26T11:12:04","slug":"la-vega-innova-un-impulso-a-avances-tecnologicos-en-el-sector-agroalimentario","status":"publish","type":"post","link":"https:\/\/innova.campogalego.gal\/es\/agroalimentacion-es\/la-vega-innova-un-impulso-a-avances-tecnologicos-en-el-sector-agroalimentario.html","title":{"rendered":"La Vega Innova, un impulso a avances tecnol\u00f3gicos en el sector agroalimentario"},"content":{"rendered":"<p><img decoding=\"async\" loading=\"lazy\" class=\"aligncenter size-full wp-image-1215 lazyload\" src=\"data:image\/gif;base64,R0lGODlhAQABAAAAACH5BAEKAAEALAAAAAABAAEAAAICTAEAOw==\" alt=\"\" width=\"1200\" height=\"800\" sizes=\"(max-width:767px) 480px, (max-width:1200px) 100vw, 1200px\" data-src=\"https:\/\/innova.campogalego.gal\/wp-content\/uploads\/2023\/10\/portada-det-lavegainnova-2023-10-18.jpg\" data-srcset=\"https:\/\/innova.campogalego.gal\/wp-content\/uploads\/2023\/10\/portada-det-lavegainnova-2023-10-18.jpg 1200w, https:\/\/innova.campogalego.gal\/wp-content\/uploads\/2023\/10\/portada-det-lavegainnova-2023-10-18-300x200.jpg 300w, https:\/\/innova.campogalego.gal\/wp-content\/uploads\/2023\/10\/portada-det-lavegainnova-2023-10-18-1024x683.jpg 1024w\"><br \/>\nCon el objetivo de impulsar la transformaci\u00f3n y la competitividad del sector agroalimentario, el Ministerio de Agricultura, Pesca y Alimentaci\u00f3n (MAPA) puso en marcha <a href=\"https:\/\/lavegainnova.es\/\" target=\"_blank\" rel=\"noopener\">La Vega Innova<\/a>, un <em>hub<\/em> de innovaci\u00f3n digital. Todo esto se llevar\u00e1 a cabo a trav\u00e9s de la experimentaci\u00f3n en espacios reales, con la resoluci\u00f3n de retos y formaci\u00f3n. Esta iniciativa de dinamizaci\u00f3n cuenta con Telef\u00f3nica Espa\u00f1a, adjudicataria del contrato para la prestaci\u00f3n de servicios de este centro.<\/p>\n<p>El p\u00fablico objetivo de este primer programa son equipos de emprendedores que trabajen en \u00e1reas tecnol\u00f3gicas como el internet de las cosas (loT), <em>big data<\/em> (inteligencia de datos), cadenas y bloques, ciberseguridad, inteligencia artificial y otros campos relacionados con la industria agroalimentaria.<\/p>\n<p>El proyecto se centrar\u00e1 en diferentes l\u00edneas de trabajo: La aceleraci\u00f3n de startups, que proporcionar\u00e1 a las empresas emergentes los recursos y el apoyo necesario para desarrollar y escalar sus soluciones tecnol\u00f3gicas; la creaci\u00f3n de laboratorios agr\u00edcolas de innovaci\u00f3n, que ser\u00e1n zonas de experimentaci\u00f3n donde las empresas y los investigadores podr\u00e1n validar soluciones tecnol\u00f3gicas; proyectos pilotos, en los que se har\u00e1n pruebas de productos y soluciones en espacio real; los retos de innovaci\u00f3n abierta, en el que se propondr\u00e1n desaf\u00edos concretos del sector para que la red de empresas y startups de tecnolog\u00eda agroalimentaria puedan participar directamente, y tambi\u00e9n formaci\u00f3n y divulgaci\u00f3n para promover e impulsar la evoluci\u00f3n y vanguardia tecnol\u00f3gica del sector.<\/p>\n<p>La finalidad de este <em>hub<\/em> es estimular el ecosistema de la innovaci\u00f3n agroalimentaria y convertirse en el punto de encuentro del sector agroalimentario para colaborar en los cambios que se avecinan. Este proyecto cuenta con los fondos Next Generation de la Uni\u00f3n Europea, en el marco del Programa de Recuperaci\u00f3n, Transformaci\u00f3n y Resiliencia.<\/p>\n","protected":false},"excerpt":{"rendered":"<p>Con el objetivo de impulsar la transformaci\u00f3n y la competitividad del sector agroalimentario, el Ministerio de Agricultura, Pesca y Alimentaci\u00f3n (MAPA) puso en marcha La Vega<span class=\"excerpt-hellip\"> [\u2026]<\/span><\/p>\n","protected":false},"author":7,"featured_media":1215,"comment_status":"open","ping_status":"open","sticky":false,"template":"","format":"standard","meta":{"footnotes":""},"categories":[87],"tags":[107],"acf":[],"yoast_head":"<!-- This site is optimized with the Yoast SEO plugin v21.2 - https:\/\/yoast.com\/wordpress\/plugins\/seo\/ -->\n<title>La Vega Innova, un impulso a avances tecnol\u00f3gicos en el sector agroalimentario - Innova - Campo Galego<\/title>\n<meta name=\"robots\" content=\"index, follow, max-snippet:-1, max-image-preview:large, max-video-preview:-1\" \/>\n<link rel=\"canonical\" href=\"https:\/\/innova.campogalego.gal\/es\/agroalimentacion-es\/la-vega-innova-un-impulso-a-avances-tecnologicos-en-el-sector-agroalimentario.html\" \/>\n<meta property=\"og:locale\" content=\"es_ES\" \/>\n<meta property=\"og:type\" content=\"article\" \/>\n<meta property=\"og:title\" content=\"La Vega Innova, un impulso a avances tecnol\u00f3gicos en el sector agroalimentario - Innova - Campo Galego\" \/>\n<meta property=\"og:description\" content=\"Con el objetivo de impulsar la transformaci\u00f3n y la competitividad del sector agroalimentario, el Ministerio de Agricultura, Pesca y Alimentaci\u00f3n (MAPA) puso en marcha La Vega [\u2026]\" \/>\n<meta property=\"og:url\" content=\"https:\/\/innova.campogalego.gal\/es\/agroalimentacion-es\/la-vega-innova-un-impulso-a-avances-tecnologicos-en-el-sector-agroalimentario.html\" \/>\n<meta property=\"og:site_name\" content=\"Innova - Campo Galego\" \/>\n<meta property=\"article:published_time\" content=\"2023-10-18T11:33:32+00:00\" \/>\n<meta property=\"article:modified_time\" content=\"2023-10-26T11:12:04+00:00\" \/>\n<meta property=\"og:image\" content=\"https:\/\/innova.campogalego.gal\/wp-content\/uploads\/2023\/10\/portada-det-lavegainnova-2023-10-18.jpg\" \/>\n\t<meta property=\"og:image:width\" content=\"1200\" \/>\n\t<meta property=\"og:image:height\" content=\"800\" \/>\n\t<meta property=\"og:image:type\" content=\"image\/jpeg\" \/>\n<meta name=\"author\" content=\"noelia\" \/>\n<meta name=\"twitter:card\" content=\"summary_large_image\" \/>\n<meta name=\"twitter:label1\" content=\"Escrito por\" \/>\n\t<meta name=\"twitter:data1\" content=\"noelia\" \/>\n\t<meta name=\"twitter:label2\" content=\"Tiempo de lectura\" \/>\n\t<meta name=\"twitter:data2\" content=\"2 minutos\" \/>\n<script type=\"application\/ld+json\" class=\"yoast-schema-graph\">{\"@context\":\"https:\/\/schema.org\",\"@graph\":[{\"@type\":\"WebPage\",\"@id\":\"https:\/\/innova.campogalego.gal\/es\/agroalimentacion-es\/la-vega-innova-un-impulso-a-avances-tecnologicos-en-el-sector-agroalimentario.html\",\"url\":\"https:\/\/innova.campogalego.gal\/es\/agroalimentacion-es\/la-vega-innova-un-impulso-a-avances-tecnologicos-en-el-sector-agroalimentario.html\",\"name\":\"La Vega Innova, un impulso a avances tecnol\u00f3gicos en el sector agroalimentario - Innova - Campo Galego\",\"isPartOf\":{\"@id\":\"https:\/\/innova.campogalego.gal\/es#website\"},\"datePublished\":\"2023-10-18T11:33:32+00:00\",\"dateModified\":\"2023-10-26T11:12:04+00:00\",\"author\":{\"@id\":\"https:\/\/innova.campogalego.gal\/es#\/schema\/person\/5f73832eaae2d2d2fe19cdf56f76e921\"},\"breadcrumb\":{\"@id\":\"https:\/\/innova.campogalego.gal\/es\/agroalimentacion-es\/la-vega-innova-un-impulso-a-avances-tecnologicos-en-el-sector-agroalimentario.html#breadcrumb\"},\"inLanguage\":\"es\",\"potentialAction\":[{\"@type\":\"ReadAction\",\"target\":[\"https:\/\/innova.campogalego.gal\/es\/agroalimentacion-es\/la-vega-innova-un-impulso-a-avances-tecnologicos-en-el-sector-agroalimentario.html\"]}]},{\"@type\":\"BreadcrumbList\",\"@id\":\"https:\/\/innova.campogalego.gal\/es\/agroalimentacion-es\/la-vega-innova-un-impulso-a-avances-tecnologicos-en-el-sector-agroalimentario.html#breadcrumb\",\"itemListElement\":[{\"@type\":\"ListItem\",\"position\":1,\"name\":\"Portada\",\"item\":\"https:\/\/innova.campogalego.gal\/es\"},{\"@type\":\"ListItem\",\"position\":2,\"name\":\"La Vega Innova, un impulso a avances tecnol\u00f3gicos en el sector agroalimentario\"}]},{\"@type\":\"WebSite\",\"@id\":\"https:\/\/innova.campogalego.gal\/es#website\",\"url\":\"https:\/\/innova.campogalego.gal\/es\",\"name\":\"Innova - Campo Galego\",\"description\":\"\",\"potentialAction\":[{\"@type\":\"SearchAction\",\"target\":{\"@type\":\"EntryPoint\",\"urlTemplate\":\"https:\/\/innova.campogalego.gal\/es?s={search_term_string}\"},\"query-input\":\"required name=search_term_string\"}],\"inLanguage\":\"es\"},{\"@type\":\"Person\",\"@id\":\"https:\/\/innova.campogalego.gal\/es#\/schema\/person\/5f73832eaae2d2d2fe19cdf56f76e921\",\"name\":\"noelia\",\"image\":{\"@type\":\"ImageObject\",\"inLanguage\":\"es\",\"@id\":\"https:\/\/innova.campogalego.gal\/es#\/schema\/person\/image\/\",\"url\":\"https:\/\/secure.gravatar.com\/avatar\/b4912756e566b19c7962f96cfebbb102?s=96&d=mm&r=g\",\"contentUrl\":\"https:\/\/secure.gravatar.com\/avatar\/b4912756e566b19c7962f96cfebbb102?s=96&d=mm&r=g\",\"caption\":\"noelia\"},\"url\":\"https:\/\/innova.campogalego.gal\/es\/author\/noelia\"}]}<\/script>\n<!-- \/ Yoast SEO plugin. -->","yoast_head_json":{"title":"La Vega Innova, un impulso a avances tecnol\u00f3gicos en el sector agroalimentario - Innova - Campo Galego","robots":{"index":"index","follow":"follow","max-snippet":"max-snippet:-1","max-image-preview":"max-image-preview:large","max-video-preview":"max-video-preview:-1"},"canonical":"https:\/\/innova.campogalego.gal\/es\/agroalimentacion-es\/la-vega-innova-un-impulso-a-avances-tecnologicos-en-el-sector-agroalimentario.html","og_locale":"es_ES","og_type":"article","og_title":"La Vega Innova, un impulso a avances tecnol\u00f3gicos en el sector agroalimentario - Innova - Campo Galego","og_description":"Con el objetivo de impulsar la transformaci\u00f3n y la competitividad del sector agroalimentario, el Ministerio de Agricultura, Pesca y Alimentaci\u00f3n (MAPA) puso en marcha La Vega [\u2026]","og_url":"https:\/\/innova.campogalego.gal\/es\/agroalimentacion-es\/la-vega-innova-un-impulso-a-avances-tecnologicos-en-el-sector-agroalimentario.html","og_site_name":"Innova - Campo Galego","article_published_time":"2023-10-18T11:33:32+00:00","article_modified_time":"2023-10-26T11:12:04+00:00","og_image":[{"width":1200,"height":800,"url":"https:\/\/innova.campogalego.gal\/wp-content\/uploads\/2023\/10\/portada-det-lavegainnova-2023-10-18.jpg","type":"image\/jpeg"}],"author":"noelia","twitter_card":"summary_large_image","twitter_misc":{"Escrito por":"noelia","Tiempo de lectura":"2 minutos"},"schema":{"@context":"https:\/\/schema.org","@graph":[{"@type":"WebPage","@id":"https:\/\/innova.campogalego.gal\/es\/agroalimentacion-es\/la-vega-innova-un-impulso-a-avances-tecnologicos-en-el-sector-agroalimentario.html","url":"https:\/\/innova.campogalego.gal\/es\/agroalimentacion-es\/la-vega-innova-un-impulso-a-avances-tecnologicos-en-el-sector-agroalimentario.html","name":"La Vega Innova, un impulso a avances tecnol\u00f3gicos en el sector agroalimentario - Innova - Campo Galego","isPartOf":{"@id":"https:\/\/innova.campogalego.gal\/es#website"},"datePublished":"2023-10-18T11:33:32+00:00","dateModified":"2023-10-26T11:12:04+00:00","author":{"@id":"https:\/\/innova.campogalego.gal\/es#\/schema\/person\/5f73832eaae2d2d2fe19cdf56f76e921"},"breadcrumb":{"@id":"https:\/\/innova.campogalego.gal\/es\/agroalimentacion-es\/la-vega-innova-un-impulso-a-avances-tecnologicos-en-el-sector-agroalimentario.html#breadcrumb"},"inLanguage":"es","potentialAction":[{"@type":"ReadAction","target":["https:\/\/innova.campogalego.gal\/es\/agroalimentacion-es\/la-vega-innova-un-impulso-a-avances-tecnologicos-en-el-sector-agroalimentario.html"]}]},{"@type":"BreadcrumbList","@id":"https:\/\/innova.campogalego.gal\/es\/agroalimentacion-es\/la-vega-innova-un-impulso-a-avances-tecnologicos-en-el-sector-agroalimentario.html#breadcrumb","itemListElement":[{"@type":"ListItem","position":1,"name":"Portada","item":"https:\/\/innova.campogalego.gal\/es"},{"@type":"ListItem","position":2,"name":"La Vega Innova, un impulso a avances tecnol\u00f3gicos en el sector agroalimentario"}]},{"@type":"WebSite","@id":"https:\/\/innova.campogalego.gal\/es#website","url":"https:\/\/innova.campogalego.gal\/es","name":"Innova - Campo Galego","description":"","potentialAction":[{"@type":"SearchAction","target":{"@type":"EntryPoint","urlTemplate":"https:\/\/innova.campogalego.gal\/es?s={search_term_string}"},"query-input":"required name=search_term_string"}],"inLanguage":"es"},{"@type":"Person","@id":"https:\/\/innova.campogalego.gal\/es#\/schema\/person\/5f73832eaae2d2d2fe19cdf56f76e921","name":"noelia","image":{"@type":"ImageObject","inLanguage":"es","@id":"https:\/\/innova.campogalego.gal\/es#\/schema\/person\/image\/","url":"https:\/\/secure.gravatar.com\/avatar\/b4912756e566b19c7962f96cfebbb102?s=96&d=mm&r=g","contentUrl":"https:\/\/secure.gravatar.com\/avatar\/b4912756e566b19c7962f96cfebbb102?s=96&d=mm&r=g","caption":"noelia"},"url":"https:\/\/innova.campogalego.gal\/es\/author\/noelia"}]}},"_links":{"self":[{"href":"https:\/\/innova.campogalego.gal\/es\/wp-json\/wp\/v2\/posts\/811"}],"collection":[{"href":"https:\/\/innova.campogalego.gal\/es\/wp-json\/wp\/v2\/posts"}],"about":[{"href":"https:\/\/innova.campogalego.gal\/es\/wp-json\/wp\/v2\/types\/post"}],"author":[{"embeddable":true,"href":"https:\/\/innova.campogalego.gal\/es\/wp-json\/wp\/v2\/users\/7"}],"replies":[{"embeddable":true,"href":"https:\/\/innova.campogalego.gal\/es\/wp-json\/wp\/v2\/comments?post=811"}],"version-history":[{"count":2,"href":"https:\/\/innova.campogalego.gal\/es\/wp-json\/wp\/v2\/posts\/811\/revisions"}],"predecessor-version":[{"id":1290,"href":"https:\/\/innova.campogalego.gal\/es\/wp-json\/wp\/v2\/posts\/811\/revisions\/1290"}],"wp:featuredmedia":[{"embeddable":true,"href":"https:\/\/innova.campogalego.gal\/es\/wp-json\/wp\/v2\/media\/1215"}],"wp:attachment":[{"href":"https:\/\/innova.campogalego.gal\/es\/wp-json\/wp\/v2\/media?parent=811"}],"wp:term":[{"taxonomy":"category","embeddable":true,"href":"https:\/\/innova.campogalego.gal\/es\/wp-json\/wp\/v2\/categories?post=811"},{"taxonomy":"post_tag","embeddable":true,"href":"https:\/\/innova.campogalego.gal\/es\/wp-json\/wp\/v2\/tags?post=811"}],"curies":[{"name":"wp","href":"https:\/\/api.w.org\/{rel}","templated":true}]}}