{"id":8268,"date":"2026-04-27T11:52:58","date_gmt":"2026-04-27T09:52:58","guid":{"rendered":"https:\/\/innova.campogalego.gal\/?p=8268"},"modified":"2026-04-27T11:52:58","modified_gmt":"2026-04-27T09:52:58","slug":"este-miercoles-se-presenta-en-oimbra-el-proyecto-greenseed-para-el-fomento-en-el-empleo-en-el-campo-en-galicia-y-en-el-norte-de-portugal","status":"publish","type":"post","link":"https:\/\/innova.campogalego.gal\/es\/agroalimentacion-es\/este-miercoles-se-presenta-en-oimbra-el-proyecto-greenseed-para-el-fomento-en-el-empleo-en-el-campo-en-galicia-y-en-el-norte-de-portugal.html","title":{"rendered":"Este mi\u00e9rcoles se presenta en Oimbra el proyecto GREENSEED para el fomento en el empleo en el campo en Galicia y en el Norte de Portugal"},"content":{"rendered":"<p><img decoding=\"async\" loading=\"lazy\" class=\"aligncenter wp-image-8263 size-large lazyload\" src=\"data:image\/gif;base64,R0lGODlhAQABAAAAACH5BAEKAAEALAAAAAABAAEAAAICTAEAOw==\" alt=\"\" width=\"1024\" height=\"683\" sizes=\"(max-width:767px) 480px, (max-width:1024px) 100vw, 1024px\" data-src=\"https:\/\/innova.campogalego.gal\/wp-content\/uploads\/2026\/04\/bioeconomia-1024x683.jpg\" data-srcset=\"https:\/\/innova.campogalego.gal\/wp-content\/uploads\/2026\/04\/bioeconomia-1024x683.jpg 1024w, https:\/\/innova.campogalego.gal\/wp-content\/uploads\/2026\/04\/bioeconomia-300x200.jpg 300w, https:\/\/innova.campogalego.gal\/wp-content\/uploads\/2026\/04\/bioeconomia.jpg 1200w\"><\/p>\n<p>El pr\u00f3ximo <strong>29 de abril,<\/strong> la aldea de <strong>O Rosal (Oimbra- Ourense)<\/strong> acoger\u00e1 la jornada de lanzamiento del proyecto <a href=\"https:\/\/www.poctep.eu\/proyecto\/0403_greenseed_1_e-impulso-del-emprendimiento-y-fortalecimiento-del-ecosistema-de-apoyo-en-la-bioeconomia\/\"><strong>GREENSEED<\/strong><\/a>, una iniciativa transfronteriza que busca poner en valor el ecosistema bioecon\u00f3mico de Galicia y del Norte de Portugal. El evento, que tendr\u00e1 lugar en las instalaciones de Bodegas Ladairo, reunir\u00e1 a personas emprendedoras, entidades de apoyo al emprendemento y p\u00fablico interesado en noticias <strong>alternativas de empleo vinculadas a la innovaci\u00f3n en medio rural y agroganadeiro.<\/strong><\/p>\n<p>&nbsp;<\/p>\n<p><strong>PROGRAMA<\/strong><\/p>\n<p><strong>11:15 h &#8211; Recepci\u00f3n de asistentes. Registro y entrega de acreditaciones<\/strong><\/p>\n<p><strong>11:30 h &#8211; Apertura y bienvenida institucional<\/strong><\/p>\n<p><em>Pablo Fern\u00e1ndez L\u00f3pez. Secretario general de Empleo y Relaciones Laborales<\/em><\/p>\n<p><strong>11:40 h &#8211; Presentaci\u00f3n del plan de acci\u00f3n del proyecto GreenSeed por parte de las entidades socias del proyecto<\/strong><\/p>\n<p><strong>12:40 h &#8211; Proyecci\u00f3n del v\u00eddeo de presentaci\u00f3n del proyecto GreenSeed<\/strong><\/p>\n<p><strong>12:45 h &#8211; Ponencia: La bioeconom\u00eda como impulso del territorio<\/strong><\/p>\n<p><em>Mar\u00eda Luz Loureiro Garc\u00eda, catedr\u00e1tica de la USC<\/em><\/p>\n<p><strong>13:15 h &#8211; Mesa: La Bioeconom\u00eda, oportunidades en medio rural<\/strong><\/p>\n<p><em>Modera: Marta Marino, Directora general de Trabajo aut\u00f3nomo y Econom\u00eda social<\/em><\/p>\n<p><strong>Participan<\/strong>:<\/p>\n<ul>\n<li>Ver\u00edn Biocoop<\/li>\n<li>Ecocelta Galicia<\/li>\n<li>Laborat\u00f3rio Colaborativo ForestWISE<\/li>\n<\/ul>\n<p><strong>13:45 h &#8211; Cierre institucional<\/strong><\/p>\n<p><em>Jos\u00e9 Gonz\u00e1lez V\u00e1zquez, Consejero de Empleo, Comercio y Emigraci\u00f3n<\/em><\/p>\n<p><strong>14:00 h &#8211; Visita a las instalaciones<\/strong><\/p>\n<p><strong>14:20 h &#8211; Aperitivo networking<\/strong><\/p>\n<p style=\"text-align: center;\"><strong>INFORMACI\u00d3N<\/strong><br \/>\n<strong>Fecha:\u00a0Mi\u00e9rcoles, 29 de abril<\/strong><br \/>\n<strong>Hora:\u00a011:15 horas<\/strong><br \/>\n<strong>Lugar:\u00a0Bodegas Ladairo. R\u00faa Ladairo, 42, 32613 O Rosal, Ourense<\/strong><\/p>\n<p style=\"text-align: center;\"><strong>Inscripciones en el siguiente <a href=\"https:\/\/www.poctep.eu\/proyecto\/0403_greenseed_1_e-impulso-del-emprendimiento-y-fortalecimiento-del-ecosistema-de-apoyo-en-la-bioeconomia\/\">enlace<\/a>.<\/strong><\/p>\n<p>&nbsp;<\/p>\n<p><strong>ENTIDADES ORGANIZADORAS \/ COLABORADORAS<\/strong><\/p>\n<p>Xunta de Galicia, USC &#8211; Instituto de Biodiversidad Agraria y Desarrollo Rural, Fundaci\u00f3n Juana de Vega, Alto T\u00e2mega y Barroso, ADRAT, Associaci\u00f3 de Desarrollo, Instituto Polit\u00e9cnico de Braganza.<br \/>\nFINANCIACI\u00d3N<\/p>\n<p>El proyecto El403_GREENSEED_1_Y est\u00e1 cofinanciado por el fondo Europeo de Desarrollo<\/p>\n<p><img decoding=\"async\" loading=\"lazy\" class=\"aligncenter wp-image-8265 size-full lazyload\" src=\"data:image\/gif;base64,R0lGODlhAQABAAAAACH5BAEKAAEALAAAAAABAAEAAAICTAEAOw==\" alt=\"\" width=\"1111\" height=\"2560\" sizes=\"(max-width:767px) 480px, (max-width:1111px) 100vw, 1111px\" data-src=\"https:\/\/innova.campogalego.gal\/wp-content\/uploads\/2026\/04\/260429_Programa-VF-scaled.jpg\" data-srcset=\"https:\/\/innova.campogalego.gal\/wp-content\/uploads\/2026\/04\/260429_Programa-VF-scaled.jpg 1111w, https:\/\/innova.campogalego.gal\/wp-content\/uploads\/2026\/04\/260429_Programa-VF-130x300.jpg 130w, https:\/\/innova.campogalego.gal\/wp-content\/uploads\/2026\/04\/260429_Programa-VF-445x1024.jpg 445w\"><\/p>\n<p>&nbsp;<\/p>\n","protected":false},"excerpt":{"rendered":"<p>El pr\u00f3ximo 29 de abril, la aldea de O Rosal (Oimbra- Ourense) acoger\u00e1 la jornada de lanzamiento del proyecto GREENSEED, una iniciativa transfronteriza que busca poner<span class=\"excerpt-hellip\"> [\u2026]<\/span><\/p>\n","protected":false},"author":13,"featured_media":8264,"comment_status":"open","ping_status":"open","sticky":false,"template":"","format":"standard","meta":{"footnotes":""},"categories":[87],"tags":[626,509,627,628,629],"acf":[],"yoast_head":"<!-- This site is optimized with the Yoast SEO plugin v21.2 - https:\/\/yoast.com\/wordpress\/plugins\/seo\/ -->\n<title>Este mi\u00e9rcoles se presenta en Oimbra el proyecto GREENSEED para el fomento en el empleo en el campo en Galicia y en el Norte de Portugal - Innova - Campo Galego<\/title>\n<meta name=\"robots\" content=\"index, follow, max-snippet:-1, max-image-preview:large, max-video-preview:-1\" \/>\n<link rel=\"canonical\" href=\"https:\/\/innova.campogalego.gal\/es\/agroalimentacion-es\/este-miercoles-se-presenta-en-oimbra-el-proyecto-greenseed-para-el-fomento-en-el-empleo-en-el-campo-en-galicia-y-en-el-norte-de-portugal.html\" \/>\n<meta property=\"og:locale\" content=\"es_ES\" \/>\n<meta property=\"og:type\" content=\"article\" \/>\n<meta property=\"og:title\" content=\"Este mi\u00e9rcoles se presenta en Oimbra el proyecto GREENSEED para el fomento en el empleo en el campo en Galicia y en el Norte de Portugal - Innova - Campo Galego\" \/>\n<meta property=\"og:description\" content=\"El pr\u00f3ximo 29 de abril, la aldea de O Rosal (Oimbra- Ourense) acoger\u00e1 la jornada de lanzamiento del proyecto GREENSEED, una iniciativa transfronteriza que busca poner [\u2026]\" \/>\n<meta property=\"og:url\" content=\"https:\/\/innova.campogalego.gal\/es\/agroalimentacion-es\/este-miercoles-se-presenta-en-oimbra-el-proyecto-greenseed-para-el-fomento-en-el-empleo-en-el-campo-en-galicia-y-en-el-norte-de-portugal.html\" \/>\n<meta property=\"og:site_name\" content=\"Innova - Campo Galego\" \/>\n<meta property=\"article:published_time\" content=\"2026-04-27T09:52:58+00:00\" \/>\n<meta property=\"og:image\" content=\"https:\/\/innova.campogalego.gal\/wp-content\/uploads\/2026\/04\/bioeconomia.jpg\" \/>\n\t<meta property=\"og:image:width\" content=\"1200\" \/>\n\t<meta property=\"og:image:height\" content=\"800\" \/>\n\t<meta property=\"og:image:type\" content=\"image\/jpeg\" \/>\n<meta name=\"author\" content=\"Sara Garc\u00eda\" \/>\n<meta name=\"twitter:card\" content=\"summary_large_image\" \/>\n<meta name=\"twitter:label1\" content=\"Escrito por\" \/>\n\t<meta name=\"twitter:data1\" content=\"Sara Garc\u00eda\" \/>\n\t<meta name=\"twitter:label2\" content=\"Tiempo de lectura\" \/>\n\t<meta name=\"twitter:data2\" content=\"2 minutos\" \/>\n<script type=\"application\/ld+json\" class=\"yoast-schema-graph\">{\"@context\":\"https:\/\/schema.org\",\"@graph\":[{\"@type\":\"WebPage\",\"@id\":\"https:\/\/innova.campogalego.gal\/es\/agroalimentacion-es\/este-miercoles-se-presenta-en-oimbra-el-proyecto-greenseed-para-el-fomento-en-el-empleo-en-el-campo-en-galicia-y-en-el-norte-de-portugal.html\",\"url\":\"https:\/\/innova.campogalego.gal\/es\/agroalimentacion-es\/este-miercoles-se-presenta-en-oimbra-el-proyecto-greenseed-para-el-fomento-en-el-empleo-en-el-campo-en-galicia-y-en-el-norte-de-portugal.html\",\"name\":\"Este mi\u00e9rcoles se presenta en Oimbra el proyecto GREENSEED para el fomento en el empleo en el campo en Galicia y en el Norte de Portugal - Innova - Campo Galego\",\"isPartOf\":{\"@id\":\"https:\/\/innova.campogalego.gal\/es#website\"},\"datePublished\":\"2026-04-27T09:52:58+00:00\",\"dateModified\":\"2026-04-27T09:52:58+00:00\",\"author\":{\"@id\":\"https:\/\/innova.campogalego.gal\/es#\/schema\/person\/ae83e9f2d2b18f1d08303bbddc6741e2\"},\"breadcrumb\":{\"@id\":\"https:\/\/innova.campogalego.gal\/es\/agroalimentacion-es\/este-miercoles-se-presenta-en-oimbra-el-proyecto-greenseed-para-el-fomento-en-el-empleo-en-el-campo-en-galicia-y-en-el-norte-de-portugal.html#breadcrumb\"},\"inLanguage\":\"es\",\"potentialAction\":[{\"@type\":\"ReadAction\",\"target\":[\"https:\/\/innova.campogalego.gal\/es\/agroalimentacion-es\/este-miercoles-se-presenta-en-oimbra-el-proyecto-greenseed-para-el-fomento-en-el-empleo-en-el-campo-en-galicia-y-en-el-norte-de-portugal.html\"]}]},{\"@type\":\"BreadcrumbList\",\"@id\":\"https:\/\/innova.campogalego.gal\/es\/agroalimentacion-es\/este-miercoles-se-presenta-en-oimbra-el-proyecto-greenseed-para-el-fomento-en-el-empleo-en-el-campo-en-galicia-y-en-el-norte-de-portugal.html#breadcrumb\",\"itemListElement\":[{\"@type\":\"ListItem\",\"position\":1,\"name\":\"Portada\",\"item\":\"https:\/\/innova.campogalego.gal\/es\"},{\"@type\":\"ListItem\",\"position\":2,\"name\":\"Este mi\u00e9rcoles se presenta en Oimbra el proyecto GREENSEED para el fomento en el empleo en el campo en Galicia y en el Norte de Portugal\"}]},{\"@type\":\"WebSite\",\"@id\":\"https:\/\/innova.campogalego.gal\/es#website\",\"url\":\"https:\/\/innova.campogalego.gal\/es\",\"name\":\"Innova - Campo Galego\",\"description\":\"\",\"potentialAction\":[{\"@type\":\"SearchAction\",\"target\":{\"@type\":\"EntryPoint\",\"urlTemplate\":\"https:\/\/innova.campogalego.gal\/es?s={search_term_string}\"},\"query-input\":\"required name=search_term_string\"}],\"inLanguage\":\"es\"},{\"@type\":\"Person\",\"@id\":\"https:\/\/innova.campogalego.gal\/es#\/schema\/person\/ae83e9f2d2b18f1d08303bbddc6741e2\",\"name\":\"Sara Garc\u00eda\",\"image\":{\"@type\":\"ImageObject\",\"inLanguage\":\"es\",\"@id\":\"https:\/\/innova.campogalego.gal\/es#\/schema\/person\/image\/\",\"url\":\"https:\/\/secure.gravatar.com\/avatar\/d5263b07faac1b02f3dbefa21837981f?s=96&d=mm&r=g\",\"contentUrl\":\"https:\/\/secure.gravatar.com\/avatar\/d5263b07faac1b02f3dbefa21837981f?s=96&d=mm&r=g\",\"caption\":\"Sara Garc\u00eda\"},\"url\":\"https:\/\/innova.campogalego.gal\/es\/author\/sara25\"}]}<\/script>\n<!-- \/ Yoast SEO plugin. -->","yoast_head_json":{"title":"Este mi\u00e9rcoles se presenta en Oimbra el proyecto GREENSEED para el fomento en el empleo en el campo en Galicia y en el Norte de Portugal - Innova - Campo Galego","robots":{"index":"index","follow":"follow","max-snippet":"max-snippet:-1","max-image-preview":"max-image-preview:large","max-video-preview":"max-video-preview:-1"},"canonical":"https:\/\/innova.campogalego.gal\/es\/agroalimentacion-es\/este-miercoles-se-presenta-en-oimbra-el-proyecto-greenseed-para-el-fomento-en-el-empleo-en-el-campo-en-galicia-y-en-el-norte-de-portugal.html","og_locale":"es_ES","og_type":"article","og_title":"Este mi\u00e9rcoles se presenta en Oimbra el proyecto GREENSEED para el fomento en el empleo en el campo en Galicia y en el Norte de Portugal - Innova - Campo Galego","og_description":"El pr\u00f3ximo 29 de abril, la aldea de O Rosal (Oimbra- Ourense) acoger\u00e1 la jornada de lanzamiento del proyecto GREENSEED, una iniciativa transfronteriza que busca poner [\u2026]","og_url":"https:\/\/innova.campogalego.gal\/es\/agroalimentacion-es\/este-miercoles-se-presenta-en-oimbra-el-proyecto-greenseed-para-el-fomento-en-el-empleo-en-el-campo-en-galicia-y-en-el-norte-de-portugal.html","og_site_name":"Innova - Campo Galego","article_published_time":"2026-04-27T09:52:58+00:00","og_image":[{"width":1200,"height":800,"url":"https:\/\/innova.campogalego.gal\/wp-content\/uploads\/2026\/04\/bioeconomia.jpg","type":"image\/jpeg"}],"author":"Sara Garc\u00eda","twitter_card":"summary_large_image","twitter_misc":{"Escrito por":"Sara Garc\u00eda","Tiempo de lectura":"2 minutos"},"schema":{"@context":"https:\/\/schema.org","@graph":[{"@type":"WebPage","@id":"https:\/\/innova.campogalego.gal\/es\/agroalimentacion-es\/este-miercoles-se-presenta-en-oimbra-el-proyecto-greenseed-para-el-fomento-en-el-empleo-en-el-campo-en-galicia-y-en-el-norte-de-portugal.html","url":"https:\/\/innova.campogalego.gal\/es\/agroalimentacion-es\/este-miercoles-se-presenta-en-oimbra-el-proyecto-greenseed-para-el-fomento-en-el-empleo-en-el-campo-en-galicia-y-en-el-norte-de-portugal.html","name":"Este mi\u00e9rcoles se presenta en Oimbra el proyecto GREENSEED para el fomento en el empleo en el campo en Galicia y en el Norte de Portugal - Innova - Campo Galego","isPartOf":{"@id":"https:\/\/innova.campogalego.gal\/es#website"},"datePublished":"2026-04-27T09:52:58+00:00","dateModified":"2026-04-27T09:52:58+00:00","author":{"@id":"https:\/\/innova.campogalego.gal\/es#\/schema\/person\/ae83e9f2d2b18f1d08303bbddc6741e2"},"breadcrumb":{"@id":"https:\/\/innova.campogalego.gal\/es\/agroalimentacion-es\/este-miercoles-se-presenta-en-oimbra-el-proyecto-greenseed-para-el-fomento-en-el-empleo-en-el-campo-en-galicia-y-en-el-norte-de-portugal.html#breadcrumb"},"inLanguage":"es","potentialAction":[{"@type":"ReadAction","target":["https:\/\/innova.campogalego.gal\/es\/agroalimentacion-es\/este-miercoles-se-presenta-en-oimbra-el-proyecto-greenseed-para-el-fomento-en-el-empleo-en-el-campo-en-galicia-y-en-el-norte-de-portugal.html"]}]},{"@type":"BreadcrumbList","@id":"https:\/\/innova.campogalego.gal\/es\/agroalimentacion-es\/este-miercoles-se-presenta-en-oimbra-el-proyecto-greenseed-para-el-fomento-en-el-empleo-en-el-campo-en-galicia-y-en-el-norte-de-portugal.html#breadcrumb","itemListElement":[{"@type":"ListItem","position":1,"name":"Portada","item":"https:\/\/innova.campogalego.gal\/es"},{"@type":"ListItem","position":2,"name":"Este mi\u00e9rcoles se presenta en Oimbra el proyecto GREENSEED para el fomento en el empleo en el campo en Galicia y en el Norte de Portugal"}]},{"@type":"WebSite","@id":"https:\/\/innova.campogalego.gal\/es#website","url":"https:\/\/innova.campogalego.gal\/es","name":"Innova - Campo Galego","description":"","potentialAction":[{"@type":"SearchAction","target":{"@type":"EntryPoint","urlTemplate":"https:\/\/innova.campogalego.gal\/es?s={search_term_string}"},"query-input":"required name=search_term_string"}],"inLanguage":"es"},{"@type":"Person","@id":"https:\/\/innova.campogalego.gal\/es#\/schema\/person\/ae83e9f2d2b18f1d08303bbddc6741e2","name":"Sara Garc\u00eda","image":{"@type":"ImageObject","inLanguage":"es","@id":"https:\/\/innova.campogalego.gal\/es#\/schema\/person\/image\/","url":"https:\/\/secure.gravatar.com\/avatar\/d5263b07faac1b02f3dbefa21837981f?s=96&d=mm&r=g","contentUrl":"https:\/\/secure.gravatar.com\/avatar\/d5263b07faac1b02f3dbefa21837981f?s=96&d=mm&r=g","caption":"Sara Garc\u00eda"},"url":"https:\/\/innova.campogalego.gal\/es\/author\/sara25"}]}},"_links":{"self":[{"href":"https:\/\/innova.campogalego.gal\/es\/wp-json\/wp\/v2\/posts\/8268"}],"collection":[{"href":"https:\/\/innova.campogalego.gal\/es\/wp-json\/wp\/v2\/posts"}],"about":[{"href":"https:\/\/innova.campogalego.gal\/es\/wp-json\/wp\/v2\/types\/post"}],"author":[{"embeddable":true,"href":"https:\/\/innova.campogalego.gal\/es\/wp-json\/wp\/v2\/users\/13"}],"replies":[{"embeddable":true,"href":"https:\/\/innova.campogalego.gal\/es\/wp-json\/wp\/v2\/comments?post=8268"}],"version-history":[{"count":3,"href":"https:\/\/innova.campogalego.gal\/es\/wp-json\/wp\/v2\/posts\/8268\/revisions"}],"predecessor-version":[{"id":8280,"href":"https:\/\/innova.campogalego.gal\/es\/wp-json\/wp\/v2\/posts\/8268\/revisions\/8280"}],"wp:featuredmedia":[{"embeddable":true,"href":"https:\/\/innova.campogalego.gal\/es\/wp-json\/wp\/v2\/media\/8264"}],"wp:attachment":[{"href":"https:\/\/innova.campogalego.gal\/es\/wp-json\/wp\/v2\/media?parent=8268"}],"wp:term":[{"taxonomy":"category","embeddable":true,"href":"https:\/\/innova.campogalego.gal\/es\/wp-json\/wp\/v2\/categories?post=8268"},{"taxonomy":"post_tag","embeddable":true,"href":"https:\/\/innova.campogalego.gal\/es\/wp-json\/wp\/v2\/tags?post=8268"}],"curies":[{"name":"wp","href":"https:\/\/api.w.org\/{rel}","templated":true}]}}